{"id":10646,"date":"2018-07-23T13:30:48","date_gmt":"2018-07-23T13:30:48","guid":{"rendered":"http:\/\/hallertau-gymnasium.de\/hgw14\/?p=10646"},"modified":"2018-07-23T13:33:56","modified_gmt":"2018-07-23T13:33:56","slug":"schulehrungen-201718","status":"publish","type":"post","link":"https:\/\/hgw.bayern\/?p=10646","title":{"rendered":"Schulehrungen 2017\/18"},"content":{"rendered":"<p>Was macht Schule aus? Der Lehrplan, der Unterricht, die Sch\u00fcler, die Lehrer, die Eltern, die Sekret\u00e4rinnen, der Hausmeister, das Geb\u00e4ude und die Ausstattung? Macht die Summe ihrer Teile schon eine Schule komplett? Wohl eher nicht. Das Schulleben w\u00e4re recht eint\u00f6nig ohne all die Menschen, die es t\u00e4glich mit ihrem Engagement \u00fcber den Unterricht hinaus oder durch hervorragende Leistungen.<\/p>\n<p>Am 20. Juli zeichnete Schulleiter Christian Heller, unterst\u00fctzt von Renate Nosko aus der erweiterten Schulleitung und einigen Kollegen, ca. 200 Sch\u00fcler in folgenden Kategorien aus:<\/p>\n<p><strong><u>1. Wettbewerbe<\/u><\/strong><\/p>\n<ul>\n<li><strong>Geografie: \u201eDierke Wissen\u201c<\/strong><\/li>\n<li><strong>\u201eUmwelt-Einstein\u201c<\/strong><\/li>\n<li><strong>K\u00e4nguru der Mathematik<\/strong> (1. und 2. Preise; Sonderpreis)<\/li>\n<li><strong>Mathematik-Olympiade<\/strong><\/li>\n<li><strong>Bolyai-Wettbewerb<\/strong> (3 Teams aus der 6., 9. und 10. Jahrgangsstufe<\/li>\n<li><strong>Big Challenge:<\/strong> Preise<\/li>\n<li><strong>Lateinwettbewerb &#8222;DISCO&#8220;<\/strong> (Grundwissen)<\/li>\n<li><strong>Bundeswettbewerb Fremdsprachen:<\/strong> Landespreis<\/li>\n<li><strong>Vorlesewettbewerb:<\/strong> Schulsiegerin<\/li>\n<li><strong>Englischer Fortsetzungsroman<\/strong><\/li>\n<li><strong>Kunst: Europ\u00e4ischer Wettbewerb und Wettbewerb \u201eJugend Kreativ\u201c<\/strong><\/li>\n<\/ul>\n<p><strong>2. <\/strong><strong><u>Soziale Verdienste\/Ehrungen<\/u><\/strong><\/p>\n<ul>\n<li><strong>Soziales Lernen in den 7. Kl.<\/strong><\/li>\n<li><strong>Tutoren<\/strong><\/li>\n<li><strong>Streitschlichter<\/strong><\/li>\n<li><strong>Schulsanit\u00e4tsdienst<\/strong><\/li>\n<li><strong>Sch\u00fclersprecher<\/strong><\/li>\n<li><strong>Sch\u00fclerzeitung: Layout des Hausaufgabenhefts f\u00fcr die SMV<\/strong><\/li>\n<li><strong>Sammlung LBV<\/strong><\/li>\n<li><strong>Sammlung BN<\/strong><\/li>\n<\/ul>\n<p><strong><u>3. Ehrung der Bl\u00e4ser:<\/u><\/strong> scheidende Bl\u00e4serklasse 6. JSt<\/p>\n<p><u>\u00a04. <\/u><strong><u>Schulbeste<\/u><\/strong><strong>: <\/strong>(5.-10. JSt, Notenschnitt 1,00-1,50)<\/p>\n<p><a href=\"http:\/\/hallertau-gymnasium.de\/hgw14\/wp-content\/uploads\/2018\/07\/DSC_0801-2-Mittel.jpg\"><img loading=\"lazy\" decoding=\"async\" class=\"alignnone size-large wp-image-10648\" src=\"http:\/\/hallertau-gymnasium.de\/hgw14\/wp-content\/uploads\/2018\/07\/DSC_0801-2-Mittel-1024x625.jpg\" alt=\"\" width=\"660\" height=\"403\" srcset=\"https:\/\/hgw.bayern\/wp-content\/uploads\/2018\/07\/DSC_0801-2-Mittel-1024x625.jpg 1024w, https:\/\/hgw.bayern\/wp-content\/uploads\/2018\/07\/DSC_0801-2-Mittel-300x183.jpg 300w, https:\/\/hgw.bayern\/wp-content\/uploads\/2018\/07\/DSC_0801-2-Mittel-768x468.jpg 768w, https:\/\/hgw.bayern\/wp-content\/uploads\/2018\/07\/DSC_0801-2-Mittel-600x366.jpg 600w, https:\/\/hgw.bayern\/wp-content\/uploads\/2018\/07\/DSC_0801-2-Mittel.jpg 1259w\" sizes=\"auto, (max-width: 660px) 100vw, 660px\" \/><\/a><\/p>\n<p>Daniel Altmann, Simon Berger, Julia Fuchs, Marina Seitz, Anja Niedermeier, Rebecca Staudt, Hermine Kunz, Alina Reiter, Samuel Rathbone, Lukas Scheider, Anna Lena Sch\u00fckerk, Sophia Wachslander, Eva Marie Sch\u00fckerk, Julia Berger, Lara Kiermaier, Isabel Rack, Judith Berger, Melina Schreiner, Raffaela Schweiger, Luca Huber, Sophia Huber, Leni Winkler, Lena Meyer, Hannah Link, Regina Hartleitner, Lars von der Werth, Sandra Kleinheinz<\/p>\n<p><strong><u>5. Sozialpreis<\/u><\/strong><\/p>\n<ul>\n<li><strong>Das SOR-Team<\/strong><\/li>\n<li><strong>Der Elternbeirat (insbesondere f\u00fcr sein Engagement bei der Organisation des Berufsinformationstags)<\/strong><\/li>\n<\/ul>\n<p>Die Feierstunde wurde von der Musik der Bl\u00e4serklasse der 6. Jahrgangsstufe unter Leitung von Michael Sandt umrahmt. Aufgrund des sp\u00e4ten Notenschlusses f\u00fcr die Q11 konnten die Besten dieser Jahrgangsstufe am 20. Juli noch nicht ber\u00fccksichtigt werden. Sie werden Ihre Auszeichnung am Tag des Schulfestes (26.07.18) erhalten.<\/p>\n<p><a href=\"http:\/\/hallertau-gymnasium.de\/hgw14\/wp-content\/uploads\/2018\/07\/DSC_0821-2-Mittel.jpg\"><img loading=\"lazy\" decoding=\"async\" class=\"alignnone size-large wp-image-10647\" src=\"http:\/\/hallertau-gymnasium.de\/hgw14\/wp-content\/uploads\/2018\/07\/DSC_0821-2-Mittel-1024x714.jpg\" alt=\"\" width=\"660\" height=\"460\" srcset=\"https:\/\/hgw.bayern\/wp-content\/uploads\/2018\/07\/DSC_0821-2-Mittel-1024x714.jpg 1024w, https:\/\/hgw.bayern\/wp-content\/uploads\/2018\/07\/DSC_0821-2-Mittel-300x209.jpg 300w, https:\/\/hgw.bayern\/wp-content\/uploads\/2018\/07\/DSC_0821-2-Mittel-768x535.jpg 768w, https:\/\/hgw.bayern\/wp-content\/uploads\/2018\/07\/DSC_0821-2-Mittel-600x418.jpg 600w, https:\/\/hgw.bayern\/wp-content\/uploads\/2018\/07\/DSC_0821-2-Mittel.jpg 1102w\" sizes=\"auto, (max-width: 660px) 100vw, 660px\" \/><\/a><\/p>\n<p>Unser besonderer Dank gilt nicht nur all den Geehrten, sondern auch der Sparkasse sowie dem F\u00f6rderkreis und dem Elternbeirat des HGW, die den \u00fcberwiegenden Teil der Sach- und Geldpreise finanziert haben.<\/p>\n<p>Renate Nosko<\/p>\n","protected":false},"excerpt":{"rendered":"<p>Was macht Schule aus? Der Lehrplan, der Unterricht, die Sch\u00fcler, die Lehrer, die Eltern, die Sekret\u00e4rinnen, der Hausmeister, das Geb\u00e4ude und die Ausstattung? Macht die &hellip;<\/p>\n","protected":false},"author":5,"featured_media":10674,"comment_status":"closed","ping_status":"closed","sticky":false,"template":"","format":"standard","meta":{"footnotes":""},"categories":[39,53,46],"tags":[],"class_list":["post-10646","post","type-post","status-publish","format-standard","has-post-thumbnail","hentry","category-das-gehoert-zum-hgw","category-schuljahr201718","category-wettbewerbsbeitraege"],"_links":{"self":[{"href":"https:\/\/hgw.bayern\/index.php?rest_route=\/wp\/v2\/posts\/10646","targetHints":{"allow":["GET"]}}],"collection":[{"href":"https:\/\/hgw.bayern\/index.php?rest_route=\/wp\/v2\/posts"}],"about":[{"href":"https:\/\/hgw.bayern\/index.php?rest_route=\/wp\/v2\/types\/post"}],"author":[{"embeddable":true,"href":"https:\/\/hgw.bayern\/index.php?rest_route=\/wp\/v2\/users\/5"}],"replies":[{"embeddable":true,"href":"https:\/\/hgw.bayern\/index.php?rest_route=%2Fwp%2Fv2%2Fcomments&post=10646"}],"version-history":[{"count":2,"href":"https:\/\/hgw.bayern\/index.php?rest_route=\/wp\/v2\/posts\/10646\/revisions"}],"predecessor-version":[{"id":10675,"href":"https:\/\/hgw.bayern\/index.php?rest_route=\/wp\/v2\/posts\/10646\/revisions\/10675"}],"wp:featuredmedia":[{"embeddable":true,"href":"https:\/\/hgw.bayern\/index.php?rest_route=\/wp\/v2\/media\/10674"}],"wp:attachment":[{"href":"https:\/\/hgw.bayern\/index.php?rest_route=%2Fwp%2Fv2%2Fmedia&parent=10646"}],"wp:term":[{"taxonomy":"category","embeddable":true,"href":"https:\/\/hgw.bayern\/index.php?rest_route=%2Fwp%2Fv2%2Fcategories&post=10646"},{"taxonomy":"post_tag","embeddable":true,"href":"https:\/\/hgw.bayern\/index.php?rest_route=%2Fwp%2Fv2%2Ftags&post=10646"}],"curies":[{"name":"wp","href":"https:\/\/api.w.org\/{rel}","templated":true}]}}