{"id":10820,"date":"2018-08-01T10:27:36","date_gmt":"2018-08-01T10:27:36","guid":{"rendered":"http:\/\/hallertau-gymnasium.de\/hgw14\/?p=10820"},"modified":"2018-08-01T10:27:36","modified_gmt":"2018-08-01T10:27:36","slug":"letzte-lehrerkonferenz-im-sj-20172018","status":"publish","type":"post","link":"https:\/\/hgw.bayern\/?p=10820","title":{"rendered":"Letzte Lehrerkonferenz im SJ 2017\/2018"},"content":{"rendered":"<p>In der letzten Konferenz blickte Schulleiter Christian Heller auf das Schuljahr 2017\/2018 zur\u00fcck, dankte den Kolleginnen und Kollegen sowie dem Sekretariat und dem Hausmeister f\u00fcr ihr Engagement! \u00a0Dann wagte er schon mal einen Blick in die Zukunft des kommenden Schuljahres 2018\/19 und verk\u00fcndete, dass unsere Schule zum 01. August 2019 genau 25 Jahre alt wird, d.h. es wird im Kalenderjahr 2019 einige Sonderveranstaltungen und einen Festakt geben!<\/p>\n<p>Anschlie\u00dfend gratulierte Herr Heller drei Kollegen zu ihrer Bef\u00f6rderung zu Oberstudienr\u00e4ten:<\/p>\n<p><a href=\"http:\/\/hallertau-gymnasium.de\/hgw14\/wp-content\/uploads\/2018\/08\/bef\u00f6rder.jpg\"><img loading=\"lazy\" decoding=\"async\" class=\"alignnone size-large wp-image-10824\" src=\"http:\/\/hallertau-gymnasium.de\/hgw14\/wp-content\/uploads\/2018\/08\/bef\u00f6rder-1024x612.jpg\" alt=\"\" width=\"660\" height=\"394\" srcset=\"https:\/\/hgw.bayern\/wp-content\/uploads\/2018\/08\/bef\u00f6rder.jpg 1024w, https:\/\/hgw.bayern\/wp-content\/uploads\/2018\/08\/bef\u00f6rder-300x179.jpg 300w, https:\/\/hgw.bayern\/wp-content\/uploads\/2018\/08\/bef\u00f6rder-768x459.jpg 768w, https:\/\/hgw.bayern\/wp-content\/uploads\/2018\/08\/bef\u00f6rder-600x359.jpg 600w\" sizes=\"auto, (max-width: 660px) 100vw, 660px\" \/><\/a><\/p>\n<p>Frau Meister, Frau Schulz und Herr Lubnow<\/p>\n<p>Von der Schulleitung, dem Personalrat sowie von den Fachschaften wurden dann folgende Kolleginnen und Kollegen verabschiedet:<\/p>\n<ul>\n<li>Die Studienreferendare Frau Rupp, Frau Kreiller, Frau Zellner, Herr Hansen und Herr Moutsios werden den zweiten Teil ihres Einsatzes an anderen Gymnasien ableisten.<\/li>\n<\/ul>\n<p><a href=\"http:\/\/hallertau-gymnasium.de\/hgw14\/wp-content\/uploads\/2018\/08\/refs.jpg\"><img loading=\"lazy\" decoding=\"async\" class=\"alignnone size-large wp-image-10823\" src=\"http:\/\/hallertau-gymnasium.de\/hgw14\/wp-content\/uploads\/2018\/08\/refs-1024x492.jpg\" alt=\"\" width=\"660\" height=\"317\" srcset=\"https:\/\/hgw.bayern\/wp-content\/uploads\/2018\/08\/refs.jpg 1024w, https:\/\/hgw.bayern\/wp-content\/uploads\/2018\/08\/refs-300x144.jpg 300w, https:\/\/hgw.bayern\/wp-content\/uploads\/2018\/08\/refs-768x369.jpg 768w, https:\/\/hgw.bayern\/wp-content\/uploads\/2018\/08\/refs-600x288.jpg 600w\" sizes=\"auto, (max-width: 660px) 100vw, 660px\" \/><\/a><\/p>\n<ul>\n<li>Die Fachschaft Mathe-Physik verabschiedete Frau Sarah Berger, die uns als Lehramtsstudentin sehr geholfen hat.<\/li>\n<\/ul>\n<p><a href=\"http:\/\/hallertau-gymnasium.de\/hgw14\/wp-content\/uploads\/2018\/08\/berger.jpg\"><img loading=\"lazy\" decoding=\"async\" class=\"alignnone size-large wp-image-10825\" src=\"http:\/\/hallertau-gymnasium.de\/hgw14\/wp-content\/uploads\/2018\/08\/berger-1024x768.jpg\" alt=\"\" width=\"660\" height=\"495\" srcset=\"https:\/\/hgw.bayern\/wp-content\/uploads\/2018\/08\/berger.jpg 1024w, https:\/\/hgw.bayern\/wp-content\/uploads\/2018\/08\/berger-300x225.jpg 300w, https:\/\/hgw.bayern\/wp-content\/uploads\/2018\/08\/berger-768x576.jpg 768w, https:\/\/hgw.bayern\/wp-content\/uploads\/2018\/08\/berger-600x450.jpg 600w\" sizes=\"auto, (max-width: 660px) 100vw, 660px\" \/><\/a><\/p>\n<ul>\n<li>Frau Uli Hujer wechselt f\u00fcr ein halbes Jahr an eine Schule in Norwegen in the middle of nowhere, wie Schulleiter Heller zu sagen pflegte.<\/li>\n<\/ul>\n<p><a href=\"http:\/\/hallertau-gymnasium.de\/hgw14\/wp-content\/uploads\/2018\/08\/huje.jpg\"><img loading=\"lazy\" decoding=\"async\" class=\"alignnone size-large wp-image-10822\" src=\"http:\/\/hallertau-gymnasium.de\/hgw14\/wp-content\/uploads\/2018\/08\/huje-1024x768.jpg\" alt=\"\" width=\"660\" height=\"495\" srcset=\"https:\/\/hgw.bayern\/wp-content\/uploads\/2018\/08\/huje.jpg 1024w, https:\/\/hgw.bayern\/wp-content\/uploads\/2018\/08\/huje-300x225.jpg 300w, https:\/\/hgw.bayern\/wp-content\/uploads\/2018\/08\/huje-768x576.jpg 768w, https:\/\/hgw.bayern\/wp-content\/uploads\/2018\/08\/huje-600x450.jpg 600w\" sizes=\"auto, (max-width: 660px) 100vw, 660px\" \/><\/a><\/p>\n<ul>\n<li>In einer kurzen Rede w\u00fcrdigte Schulleiter Christian Heller die langj\u00e4hrige Lehrt\u00e4tigkeit von Herrn Bastian Mahler: siehe <a href=\"http:\/\/hallertau-gymnasium.de\/hgw14\/wp-content\/uploads\/2017\/03\/HGW_Newsletter_5_Juli18.pdf\">Newsletter link<\/a><\/li>\n<\/ul>\n<p><a href=\"http:\/\/hallertau-gymnasium.de\/hgw14\/wp-content\/uploads\/2018\/08\/basti1.jpg\"><img loading=\"lazy\" decoding=\"async\" class=\"alignnone size-large wp-image-10821\" src=\"http:\/\/hallertau-gymnasium.de\/hgw14\/wp-content\/uploads\/2018\/08\/basti1-1024x498.jpg\" alt=\"\" width=\"660\" height=\"321\" srcset=\"https:\/\/hgw.bayern\/wp-content\/uploads\/2018\/08\/basti1.jpg 1024w, https:\/\/hgw.bayern\/wp-content\/uploads\/2018\/08\/basti1-300x146.jpg 300w, https:\/\/hgw.bayern\/wp-content\/uploads\/2018\/08\/basti1-768x374.jpg 768w, https:\/\/hgw.bayern\/wp-content\/uploads\/2018\/08\/basti1-600x292.jpg 600w\" sizes=\"auto, (max-width: 660px) 100vw, 660px\" \/><\/a><\/p>\n<p>&nbsp;<\/p>\n","protected":false},"excerpt":{"rendered":"<p>In der letzten Konferenz blickte Schulleiter Christian Heller auf das Schuljahr 2017\/2018 zur\u00fcck, dankte den Kolleginnen und Kollegen sowie dem Sekretariat und dem Hausmeister f\u00fcr &hellip;<\/p>\n","protected":false},"author":5,"featured_media":10826,"comment_status":"closed","ping_status":"closed","sticky":false,"template":"","format":"standard","meta":{"footnotes":""},"categories":[39,53,36],"tags":[],"class_list":["post-10820","post","type-post","status-publish","format-standard","has-post-thumbnail","hentry","category-das-gehoert-zum-hgw","category-schuljahr201718","category-schulleitung"],"_links":{"self":[{"href":"https:\/\/hgw.bayern\/index.php?rest_route=\/wp\/v2\/posts\/10820","targetHints":{"allow":["GET"]}}],"collection":[{"href":"https:\/\/hgw.bayern\/index.php?rest_route=\/wp\/v2\/posts"}],"about":[{"href":"https:\/\/hgw.bayern\/index.php?rest_route=\/wp\/v2\/types\/post"}],"author":[{"embeddable":true,"href":"https:\/\/hgw.bayern\/index.php?rest_route=\/wp\/v2\/users\/5"}],"replies":[{"embeddable":true,"href":"https:\/\/hgw.bayern\/index.php?rest_route=%2Fwp%2Fv2%2Fcomments&post=10820"}],"version-history":[{"count":1,"href":"https:\/\/hgw.bayern\/index.php?rest_route=\/wp\/v2\/posts\/10820\/revisions"}],"predecessor-version":[{"id":10827,"href":"https:\/\/hgw.bayern\/index.php?rest_route=\/wp\/v2\/posts\/10820\/revisions\/10827"}],"wp:featuredmedia":[{"embeddable":true,"href":"https:\/\/hgw.bayern\/index.php?rest_route=\/wp\/v2\/media\/10826"}],"wp:attachment":[{"href":"https:\/\/hgw.bayern\/index.php?rest_route=%2Fwp%2Fv2%2Fmedia&parent=10820"}],"wp:term":[{"taxonomy":"category","embeddable":true,"href":"https:\/\/hgw.bayern\/index.php?rest_route=%2Fwp%2Fv2%2Fcategories&post=10820"},{"taxonomy":"post_tag","embeddable":true,"href":"https:\/\/hgw.bayern\/index.php?rest_route=%2Fwp%2Fv2%2Ftags&post=10820"}],"curies":[{"name":"wp","href":"https:\/\/api.w.org\/{rel}","templated":true}]}}