{"id":11922,"date":"2019-03-29T17:45:54","date_gmt":"2019-03-29T17:45:54","guid":{"rendered":"http:\/\/hallertau-gymnasium.de\/hgw14\/?p=11922"},"modified":"2019-04-03T10:15:45","modified_gmt":"2019-04-03T10:15:45","slug":"herzliche-einladung-zum-fruehjahrskonzert-und-zum-tag-der-offenen-tuer","status":"publish","type":"post","link":"https:\/\/hgw.bayern\/?p=11922","title":{"rendered":"Tag der offenen T\u00fcr"},"content":{"rendered":"<p>Zum Jubil\u00e4um hatten sich die Sch\u00fcler und die Lehrkr\u00e4fte m\u00e4chtig ins Zeug gelegt! Mit einem sehr umfangreichen Programm pr\u00e4sentierte sich das HGW von seiner besten Seite: Mitmachexperimente f\u00fcr die jungen Forscher, lebendige Tiere, erste Hilfe, Jugend debattiert, kreatives Schreiben, arch\u00e4ologische Schatzsuche, Linolschnitt f\u00fcr Anf\u00e4nger, Blasinstrumententest f\u00fcr Anf\u00e4nger und Fortgeschrittene, Wiener Kaffehausmusik, Trash Metal, Bouldern und Parcours bew\u00e4ltigen &#8211; das ganze Programm l\u00e4sst sich hier nicht aufz\u00e4hlen, aber es war f\u00fcr jeden etwas dabei und vorallem die Viertkl\u00e4ssler waren sich einig: &#8222;Hier wollen wir auch mal zur Schule gehen!&#8220; Als kleines Souvenir erhielten sie ein Freundschaftsband mit der Botschaft &#8222;KEEP COOL&#8220;.<\/p>\n<p>Hier, zum Nachlesen. das ganze <a href=\"http:\/\/hallertau-gymnasium.de\/hgw14\/wp-content\/uploads\/2019\/03\/Programm.pdf\">Programm\u00a0 <\/a> und ein paar Bilder:<\/p>\n","protected":false},"excerpt":{"rendered":"<p>Zum Jubil\u00e4um hatten sich die Sch\u00fcler und die Lehrkr\u00e4fte m\u00e4chtig ins Zeug gelegt! Mit einem sehr umfangreichen Programm pr\u00e4sentierte sich das HGW von seiner besten &hellip;<\/p>\n","protected":false},"author":5,"featured_media":12175,"comment_status":"closed","ping_status":"closed","sticky":false,"template":"","format":"standard","meta":{"footnotes":""},"categories":[39,55,3],"tags":[],"class_list":["post-11922","post","type-post","status-publish","format-standard","has-post-thumbnail","hentry","category-das-gehoert-zum-hgw","category-schuljahr-201819","category-unterricht"],"_links":{"self":[{"href":"https:\/\/hgw.bayern\/index.php?rest_route=\/wp\/v2\/posts\/11922","targetHints":{"allow":["GET"]}}],"collection":[{"href":"https:\/\/hgw.bayern\/index.php?rest_route=\/wp\/v2\/posts"}],"about":[{"href":"https:\/\/hgw.bayern\/index.php?rest_route=\/wp\/v2\/types\/post"}],"author":[{"embeddable":true,"href":"https:\/\/hgw.bayern\/index.php?rest_route=\/wp\/v2\/users\/5"}],"replies":[{"embeddable":true,"href":"https:\/\/hgw.bayern\/index.php?rest_route=%2Fwp%2Fv2%2Fcomments&post=11922"}],"version-history":[{"count":10,"href":"https:\/\/hgw.bayern\/index.php?rest_route=\/wp\/v2\/posts\/11922\/revisions"}],"predecessor-version":[{"id":12179,"href":"https:\/\/hgw.bayern\/index.php?rest_route=\/wp\/v2\/posts\/11922\/revisions\/12179"}],"wp:featuredmedia":[{"embeddable":true,"href":"https:\/\/hgw.bayern\/index.php?rest_route=\/wp\/v2\/media\/12175"}],"wp:attachment":[{"href":"https:\/\/hgw.bayern\/index.php?rest_route=%2Fwp%2Fv2%2Fmedia&parent=11922"}],"wp:term":[{"taxonomy":"category","embeddable":true,"href":"https:\/\/hgw.bayern\/index.php?rest_route=%2Fwp%2Fv2%2Fcategories&post=11922"},{"taxonomy":"post_tag","embeddable":true,"href":"https:\/\/hgw.bayern\/index.php?rest_route=%2Fwp%2Fv2%2Ftags&post=11922"}],"curies":[{"name":"wp","href":"https:\/\/api.w.org\/{rel}","templated":true}]}}