{"id":12522,"date":"2019-05-20T10:46:50","date_gmt":"2019-05-20T10:46:50","guid":{"rendered":"http:\/\/hallertau-gymnasium.de\/hgw14\/?p=12522"},"modified":"2019-05-28T07:10:44","modified_gmt":"2019-05-28T07:10:44","slug":"freischuetz-opernwerkstatt-mit-dem-musiktheater-animato","status":"publish","type":"post","link":"https:\/\/hgw.bayern\/?p=12522","title":{"rendered":"Freisch\u00fctz-Opernwerkstatt mit dem Musiktheater Animato"},"content":{"rendered":"<p>Auch in diesem Jahr konnte die Fachschaft Musik die Schauspieler des Musiktheaters Animato aus Wien wieder f\u00fcr ein Gastspiel ins Hallertau-Gymnasium nach Wolnzach verpflichten, mittlerweile zum 19. Mal in Folge. Der besondere Reiz dieser Veranstaltung liegt dabei im Konzept der beiden Schauspieler, die Sch\u00fclerinnen und Sch\u00fcler bei der Opernauff\u00fchrung mit Sprechrollen, als \u201eOpernchor\u201c oder als \u201eOpernorchester\u201c bei dieser Auff\u00fchrung selbst mitwirken zu lassen.<\/p>\n<p>Nachdem in den vergangenen Unterrichtsstunden die Musiklehrer die Hinf\u00fchrung zum Opernstoff und die Rollenverteilung vorgenommen haben, war es am Donnerstag, den 16. Mai 2019, schlie\u00dflich wieder soweit: Knapp 120 Sch\u00fclerinnen und Sch\u00fcler der 6. Klassen erlebten w\u00e4hrend der ersten beiden Unterrichtsstunden Carl Maria von Webers Oper \u201eDer Freisch\u00fctz\u201c. Bei der Vergabe der Sprechrollen musste wegen des gro\u00dfen Andrangs von \u201eNachwuchsschauspielern\u201c mehrfach sogar das Los entscheiden. Jedoch war auf diese Weise jede der f\u00fcnf sechsten Klassen durch mindestens einen Akteur auf der B\u00fchne vertreten.<\/p>\n<p>Besonders beeindruckend fanden Zuschauer die die gruselige Wolfsschluchtszene und nat\u00fcrlich die s\u00e4ngerische und schauspielerische Leistung der beiden Profis aus Wien. Ein gro\u00dfes Lob geb\u00fchrt an dieser Stelle den Sch\u00fclerinnen und Sch\u00fclern der Bl\u00e4serklasse aus der 6b: Das \u201eOpernorchester\u201c f\u00fcr den ber\u00fchmten \u201eJ\u00e4gerchor\u201c wurde nicht als Playback von der CD eingespielt sondern von unseren erfolgreichen Nachwuchsmusikern selbst intoniert. Alle Akteure, einschlie\u00dflich Frau Fischer als \u201eEremit\u201c in der Schlussszene erhielten zum Schluss einen langen, wohlverdienten Applaus.<\/p>\n<p>Erg\u00e4nzend zur Freisch\u00fctz-Opernwerkstatt mit dem Musiktheater Animato bietet die Fachschaft Musik f\u00fcr interessierte Sch\u00fclerinnen und Sch\u00fcler der Jahrgangsstufen 6 \u2013 11 sowie deren Eltern eine Opernfahrt in das Regensburger Stadttheater am Bismarckplatz an. Am Mittwoch 24. Juli 2019 wird dort als letzte Vorstellung der aktuellen Spielzeit Carl Maria von Webers \u201eDer Freisch\u00fctz\u201c gegeben (Infos zum Regensburger Freisch\u00fctz unter <a href=\"https:\/\/www.theater-regensburg.de\/spielplan\/details\/der-freischuetz\">https:\/\/www.theater-regensburg.de\/spielplan\/details\/der-freischuetz<\/a>).<\/p>\n<p>DER BUS IST LEIDER SCHON VOLL!!! (Stand: 28.05.2019)<\/p>\n<p><u>PDF-Dokument mit Infos zur Theaterfahrt nach Regensburg: <a href=\"http:\/\/hallertau-gymnasium.de\/hgw14\/wp-content\/uploads\/2019\/05\/Einladung_Freischuetz.pdf\">Einladung_Freischuetz<\/a><br \/>\n<\/u><\/p>\n<p>&nbsp;<\/p>\n<p>Michael Sandt<\/p>\n","protected":false},"excerpt":{"rendered":"<p>Auch in diesem Jahr konnte die Fachschaft Musik die Schauspieler des Musiktheaters Animato aus Wien wieder f\u00fcr ein Gastspiel ins Hallertau-Gymnasium nach Wolnzach verpflichten, mittlerweile &hellip;<\/p>\n","protected":false},"author":5,"featured_media":12523,"comment_status":"closed","ping_status":"closed","sticky":false,"template":"","format":"standard","meta":{"footnotes":""},"categories":[17,55,52,3],"tags":[],"class_list":["post-12522","post","type-post","status-publish","format-standard","has-post-thumbnail","hentry","category-musik","category-schuljahr-201819","category-theater","category-unterricht"],"_links":{"self":[{"href":"https:\/\/hgw.bayern\/index.php?rest_route=\/wp\/v2\/posts\/12522","targetHints":{"allow":["GET"]}}],"collection":[{"href":"https:\/\/hgw.bayern\/index.php?rest_route=\/wp\/v2\/posts"}],"about":[{"href":"https:\/\/hgw.bayern\/index.php?rest_route=\/wp\/v2\/types\/post"}],"author":[{"embeddable":true,"href":"https:\/\/hgw.bayern\/index.php?rest_route=\/wp\/v2\/users\/5"}],"replies":[{"embeddable":true,"href":"https:\/\/hgw.bayern\/index.php?rest_route=%2Fwp%2Fv2%2Fcomments&post=12522"}],"version-history":[{"count":4,"href":"https:\/\/hgw.bayern\/index.php?rest_route=\/wp\/v2\/posts\/12522\/revisions"}],"predecessor-version":[{"id":12597,"href":"https:\/\/hgw.bayern\/index.php?rest_route=\/wp\/v2\/posts\/12522\/revisions\/12597"}],"wp:featuredmedia":[{"embeddable":true,"href":"https:\/\/hgw.bayern\/index.php?rest_route=\/wp\/v2\/media\/12523"}],"wp:attachment":[{"href":"https:\/\/hgw.bayern\/index.php?rest_route=%2Fwp%2Fv2%2Fmedia&parent=12522"}],"wp:term":[{"taxonomy":"category","embeddable":true,"href":"https:\/\/hgw.bayern\/index.php?rest_route=%2Fwp%2Fv2%2Fcategories&post=12522"},{"taxonomy":"post_tag","embeddable":true,"href":"https:\/\/hgw.bayern\/index.php?rest_route=%2Fwp%2Fv2%2Ftags&post=12522"}],"curies":[{"name":"wp","href":"https:\/\/api.w.org\/{rel}","templated":true}]}}