{"id":15200,"date":"2021-10-08T08:40:04","date_gmt":"2021-10-08T08:40:04","guid":{"rendered":"http:\/\/hallertau-gymnasium.de\/hgw14\/?p=15200"},"modified":"2021-10-08T08:40:37","modified_gmt":"2021-10-08T08:40:37","slug":"p-seminar-musik-in-wien-habe-dehre","status":"publish","type":"post","link":"https:\/\/hgw.bayern\/?p=15200","title":{"rendered":"P-Seminar Musik in Wien &#8211; Habe d&#8217;Ehre&#8230;"},"content":{"rendered":"<p>Start am Donnerstag, 30. September:<\/p>\n<p>Nachdem wir die ersten vier Stunden noch in der Schule verbracht hatten, machten wir uns auf den Weg Richtung Rohrbach. Von dort fuhren wir mit dem Zug zum Hauptbahnhof in Wien, wobei wir einmal in M\u00fcnchen umsteigen mussten. Als wir dann nach einer erfolgreichen Ankunft im Hotel eingecheckt hatten, brachen wir nach einer kurzen Pause auch schon wieder zu einer typisch wienerischen Gastwirtschaft, auch bezeichnet als \u201eHeuriger\u201c, auf. Bei stimmungsvoller Live-Musik, z\u00fcnftigem Ambiente und leckerem Essen lie\u00dfen wir den Abend entspannt ausklingen.\u00a0(Linus Kuttler)<\/p>\n<p>Freitag, 1. Oktober:<\/p>\n<p>An unserem ersten ganzen Tag hier in Wien sind wir nach dem Fr\u00fchst\u00fcck im Hotel zur Spanischen Hofreitschule gefahren. Hier konnten wir bei einem Training der Lipizzaner zuschauen. Im Anschluss haben wir uns alle auf eigene Faust am Naschmarkt etwas zum Mittagessen gekauft. Gest\u00e4rkt nach einem leckeren Essen ging es weiter zu einer zweist\u00fcndigen Stadtf\u00fchrung. Unsere Stadtf\u00fchrerin hat uns viel Interessantes zu Wien erz\u00e4hlt und einige Insider Infos gegeben.<\/p>\n<p>Danach hatten wir einige Stunden Freizeit und alle konnten nach Belieben selbst nochmal die Stadt erkunden, shoppen gehen, oder etwas essen. Am Abend ging es dann f\u00fcr alle zum &#8222;Theater am Spittelberg&#8220;, wo wir uns von drei verschiedenen Gruppen (&#8222;Bratfisch&#8220;, &#8222;Martin Spengler und die foischn Wiener&#8220; und &#8222;Gebr\u00fcder&#8220;) Wiener Lieder zu Gem\u00fcte f\u00fchrten. Es gab eine gelungene Abwechslung zwischen rein instrumentalen St\u00fccken, sowie Gesang und jede Menge Witz, wobei der typisch makabere Humor der Wiener auf keinen Fall zu kurz kam. Im Gro\u00dfen und Ganzen war es ein sehr sch\u00f6ner und abwechslungsreicher Tag. (Maja Appel)<\/p>\n<p>Samstag, 2. Oktober<\/p>\n<p>Der Samstag begann mit einem Besuch im Haus der Musik, gefolgt von einem Besuch des Mozart-Hauses. Eine Riesenradfahrt im Prater bei strahlendem Sonnenschein erm\u00f6glichte uns eine wunderbare Sicht \u00fcber Wien und das Umland.<\/p>\n<p>Im Anschluss teilte sich die Gruppe. Nach einem kleinen Spaziergang brachen wir zu siebt mit Herrn Sandt und Frau Fischer zur Staatsoper auf, um an der Abendkasse Karten f\u00fcr Mozarts Oper \u201eHochzeit\u00a0des Figaro\u201c\u00a0zu ergattern, w\u00e4hrend alle anderen ein eigenes Abendprogramm auf die Beine stellen durften. Andere Gruppen besuchten w\u00e4hrenddessen den Donauturm und den Prater. Um den Abend\u00a0abzurunden,\u00a0nutzten wir die lange Nacht der Museen, um kostenlos verschiedenste Museen zu besuchen.\u00a0(Agnes Mock)<\/p>\n<p>Sonntag, 3. Oktober:<\/p>\n<p>Bereits um 8.40 Uhr machte sich die Reisegruppe auf den Weg ins \u201eMuseum der Illusionen\u201c. Dabei war die Begeisterung nicht nur wegen der optischen T\u00e4uschungen und der vielen M\u00f6glichkeiten des eigenen Entdecken gegeben, sondern vor allem die anschlie\u00dfende Zaubershow sorgte f\u00fcr Staunen und bot die M\u00f6glichkeit zum Mitmachen.<\/p>\n<p>Urspr\u00fcnglich w\u00e4re f\u00fcr den Nachmittag noch eine Backstage-F\u00fchrung in der Volksoper angedacht gewesen. Jedoch war das auf Grund der in \u00d6sterreich insgesamt strengeren Covid-19-Regeln f\u00fcr \u201ebetriebsfremde Personen\u201c derzeit nicht m\u00f6glich. Somit durften die Sch\u00fclerinnen und Sch\u00fcler nachmittags ihren eigenen Interessen nachgehen, wobei z. B. der Prater noch einmal besucht oder auch der Kaiserschmarrn des bekannten \u201eK. u. K. Hofzuckerb\u00e4cker Demel\u201c probiert wurde. Abends teilte sich die Gruppe dann auf, wobei sich der gr\u00f6\u00dfere Teil mit Herrn Sandt und Frau Fischer in die Volksoper begab, um dort die Operette \u201eRoxy und und ihr Wunderteam\u201d zu besuchen. Der zweite Teil der Gruppe verbrachte einen Kinoabend. Nach dem Abendprogramm fand sich die Gruppe wieder zusammen und konnte anschlie\u00dfend nochmal den letzten Abend in Wien nach den eigenen W\u00fcnschen gestalten. (Sophia Weigel, M. Sandt)<\/p>\n<p>Montag, 4. Oktober:<\/p>\n<p>Nachdem wir am Montagmorgen\u00a0ein letztes Mal im Hotel fr\u00fchst\u00fcckten und unsere Koffer fertig gepackt hatten, besichtigten wir das Hundertwasserhaus, das durch seine interessante Bauweise und\u00a0sein Aussehen sehr beeindruckend war. Die restliche Zeit hatten wir zur freien Verf\u00fcgung, in welcher wir dann noch beispielsweise in ein Caf\u00e9 gegangen waren. Anschlie\u00dfend sammelten wir uns wieder\u00a0und machten uns auf den Heimweg. P\u00fcnktlich trafen wir um kurz vor 20 Uhr in Rohrbach am Bahnhof ein.\u00a0(Linus Kuttler)<\/p>\n<p><a href=\"http:\/\/hallertau-gymnasium.de\/hgw14\/wp-content\/uploads\/2021\/10\/Museum-IllusionenSM.jpg\"><img loading=\"lazy\" decoding=\"async\" class=\"alignnone size-large wp-image-15202\" src=\"http:\/\/hallertau-gymnasium.de\/hgw14\/wp-content\/uploads\/2021\/10\/Museum-IllusionenSM-969x1024.jpg\" alt=\"\" width=\"660\" height=\"697\" srcset=\"https:\/\/hgw.bayern\/wp-content\/uploads\/2021\/10\/Museum-IllusionenSM-969x1024.jpg 969w, https:\/\/hgw.bayern\/wp-content\/uploads\/2021\/10\/Museum-IllusionenSM-284x300.jpg 284w, https:\/\/hgw.bayern\/wp-content\/uploads\/2021\/10\/Museum-IllusionenSM-768x812.jpg 768w, https:\/\/hgw.bayern\/wp-content\/uploads\/2021\/10\/Museum-IllusionenSM-600x634.jpg 600w, https:\/\/hgw.bayern\/wp-content\/uploads\/2021\/10\/Museum-IllusionenSM.jpg 1536w\" sizes=\"auto, (max-width: 660px) 100vw, 660px\" \/><\/a><\/p>\n<p><a href=\"http:\/\/hallertau-gymnasium.de\/hgw14\/wp-content\/uploads\/2021\/10\/StaatsoperSM.jpg\"><img loading=\"lazy\" decoding=\"async\" class=\"alignnone size-large wp-image-15203\" src=\"http:\/\/hallertau-gymnasium.de\/hgw14\/wp-content\/uploads\/2021\/10\/StaatsoperSM-1024x738.jpg\" alt=\"\" width=\"660\" height=\"476\" srcset=\"https:\/\/hgw.bayern\/wp-content\/uploads\/2021\/10\/StaatsoperSM-1024x738.jpg 1024w, https:\/\/hgw.bayern\/wp-content\/uploads\/2021\/10\/StaatsoperSM-300x216.jpg 300w, https:\/\/hgw.bayern\/wp-content\/uploads\/2021\/10\/StaatsoperSM-768x553.jpg 768w, https:\/\/hgw.bayern\/wp-content\/uploads\/2021\/10\/StaatsoperSM-600x432.jpg 600w\" sizes=\"auto, (max-width: 660px) 100vw, 660px\" \/><\/a><\/p>\n<p><a href=\"http:\/\/hallertau-gymnasium.de\/hgw14\/wp-content\/uploads\/2021\/10\/Volksoper-B\u00fchneSM.jpg\"><img loading=\"lazy\" decoding=\"async\" class=\"alignnone size-full wp-image-15204\" src=\"http:\/\/hallertau-gymnasium.de\/hgw14\/wp-content\/uploads\/2021\/10\/Volksoper-B\u00fchneSM.jpg\" alt=\"\" width=\"1019\" height=\"497\" srcset=\"https:\/\/hgw.bayern\/wp-content\/uploads\/2021\/10\/Volksoper-B\u00fchneSM.jpg 1019w, https:\/\/hgw.bayern\/wp-content\/uploads\/2021\/10\/Volksoper-B\u00fchneSM-300x146.jpg 300w, https:\/\/hgw.bayern\/wp-content\/uploads\/2021\/10\/Volksoper-B\u00fchneSM-768x375.jpg 768w, https:\/\/hgw.bayern\/wp-content\/uploads\/2021\/10\/Volksoper-B\u00fchneSM-600x293.jpg 600w\" sizes=\"auto, (max-width: 1019px) 100vw, 1019px\" \/><\/a><\/p>\n<p><a href=\"http:\/\/hallertau-gymnasium.de\/hgw14\/wp-content\/uploads\/2021\/10\/Volksoper-ZuschauerSM.jpg\"><img loading=\"lazy\" decoding=\"async\" class=\"alignnone size-large wp-image-15205\" src=\"http:\/\/hallertau-gymnasium.de\/hgw14\/wp-content\/uploads\/2021\/10\/Volksoper-ZuschauerSM-1024x576.jpg\" alt=\"\" width=\"660\" height=\"371\" srcset=\"https:\/\/hgw.bayern\/wp-content\/uploads\/2021\/10\/Volksoper-ZuschauerSM-1024x576.jpg 1024w, https:\/\/hgw.bayern\/wp-content\/uploads\/2021\/10\/Volksoper-ZuschauerSM-300x169.jpg 300w, https:\/\/hgw.bayern\/wp-content\/uploads\/2021\/10\/Volksoper-ZuschauerSM-768x432.jpg 768w, https:\/\/hgw.bayern\/wp-content\/uploads\/2021\/10\/Volksoper-ZuschauerSM-600x337.jpg 600w, https:\/\/hgw.bayern\/wp-content\/uploads\/2021\/10\/Volksoper-ZuschauerSM.jpg 2048w\" sizes=\"auto, (max-width: 660px) 100vw, 660px\" \/><\/a><\/p>\n","protected":false},"excerpt":{"rendered":"<p>Start am Donnerstag, 30. September: Nachdem wir die ersten vier Stunden noch in der Schule verbracht hatten, machten wir uns auf den Weg Richtung Rohrbach. &hellip;<\/p>\n","protected":false},"author":5,"featured_media":15201,"comment_status":"closed","ping_status":"closed","sticky":false,"template":"","format":"standard","meta":{"footnotes":""},"categories":[17,62,44,3],"tags":[],"class_list":["post-15200","post","type-post","status-publish","format-standard","has-post-thumbnail","hentry","category-musik","category-schuljahr202122","category-seminare","category-unterricht"],"_links":{"self":[{"href":"https:\/\/hgw.bayern\/index.php?rest_route=\/wp\/v2\/posts\/15200","targetHints":{"allow":["GET"]}}],"collection":[{"href":"https:\/\/hgw.bayern\/index.php?rest_route=\/wp\/v2\/posts"}],"about":[{"href":"https:\/\/hgw.bayern\/index.php?rest_route=\/wp\/v2\/types\/post"}],"author":[{"embeddable":true,"href":"https:\/\/hgw.bayern\/index.php?rest_route=\/wp\/v2\/users\/5"}],"replies":[{"embeddable":true,"href":"https:\/\/hgw.bayern\/index.php?rest_route=%2Fwp%2Fv2%2Fcomments&post=15200"}],"version-history":[{"count":1,"href":"https:\/\/hgw.bayern\/index.php?rest_route=\/wp\/v2\/posts\/15200\/revisions"}],"predecessor-version":[{"id":15206,"href":"https:\/\/hgw.bayern\/index.php?rest_route=\/wp\/v2\/posts\/15200\/revisions\/15206"}],"wp:featuredmedia":[{"embeddable":true,"href":"https:\/\/hgw.bayern\/index.php?rest_route=\/wp\/v2\/media\/15201"}],"wp:attachment":[{"href":"https:\/\/hgw.bayern\/index.php?rest_route=%2Fwp%2Fv2%2Fmedia&parent=15200"}],"wp:term":[{"taxonomy":"category","embeddable":true,"href":"https:\/\/hgw.bayern\/index.php?rest_route=%2Fwp%2Fv2%2Fcategories&post=15200"},{"taxonomy":"post_tag","embeddable":true,"href":"https:\/\/hgw.bayern\/index.php?rest_route=%2Fwp%2Fv2%2Ftags&post=15200"}],"curies":[{"name":"wp","href":"https:\/\/api.w.org\/{rel}","templated":true}]}}