{"id":15437,"date":"2022-01-27T13:17:26","date_gmt":"2022-01-27T13:17:26","guid":{"rendered":"http:\/\/hallertau-gymnasium.de\/hgw14\/?p=15437"},"modified":"2022-01-27T13:18:22","modified_gmt":"2022-01-27T13:18:22","slug":"deutsch-franzoesischer-tag-2022-vive-lamitie-franco-allemande","status":"publish","type":"post","link":"https:\/\/hgw.bayern\/?p=15437","title":{"rendered":"Deutsch-franz\u00f6sischer Tag 2022: Vive l\u2019amiti\u00e9 franco &#8211; allemande!"},"content":{"rendered":"<p>Es lebe die deutsch-franz\u00f6sische Freundschaft!<\/p>\n<p><em>Nach mehreren zerst\u00f6rerischen Kriegen zwischen Deutschland und Frankreich geschah nach dem zweiten Weltkrieg ein Wunder: Der deutsch-franz\u00f6sische Freundschaftsvertrag vom 22.1.1963 machte aus fr\u00fcheren Erzfeinden verl\u00e4ssliche Freunde und brachte Frieden \u2013 nicht nur zwischen Frankreich und Deutschland, sondern auch in Europa. <\/em><em>Eine Freundschaft will dauerhaft gepflegt werden: St\u00e4dtepartnerschaften sowie Sch\u00fcleraustausch und die Feier des deutsch-franz\u00f6sischen Tages an unseren Schulen kn\u00fcpfen, vertiefen und beleben das Friedensprojekt der deutsch-franz\u00f6sischen Freundschaft. <\/em><em>Leider erschwerte die Pandemie die Feier des deutsch-franz\u00f6sischen Tages am Hallertau-Gymnasium Wolnzach, verhindern konnte sie sie jedoch nicht! <\/em><em>Wir haben von Ast\u00e9rix und Ob\u00e9lix gelernt, dem Coronavirus Widerstand geleistet und \u2013 wenn auch reduziert &#8211; trotzdem gefeiert!<\/em><\/p>\n<p>Voil\u00e0: Folgende Aktionen fanden statt. Die Ziffern verweisen auf das entsprechende Bild\/Videomaterial, auf dem die jeweiligen Lerngruppen genannt sind.<\/p>\n<p><u>In den Klassen\/auf der Homepage\/Internet<\/u><\/p>\n<p>(1) Die 6. Jahrgangsstufe, 8b und Q 11 nahmen am Internetwettbewerb zum deutsch-franz\u00f6sischen Tag teil.<\/p>\n<p><a href=\"http:\/\/hallertau-gymnasium.de\/hgw14\/wp-content\/uploads\/2022\/01\/1_Online-Teamwettbewerb_6ab_1.jpg\"><img loading=\"lazy\" decoding=\"async\" class=\"alignnone size-large wp-image-15438\" src=\"http:\/\/hallertau-gymnasium.de\/hgw14\/wp-content\/uploads\/2022\/01\/1_Online-Teamwettbewerb_6ab_1-1024x715.jpg\" alt=\"\" width=\"660\" height=\"461\" srcset=\"https:\/\/hgw.bayern\/wp-content\/uploads\/2022\/01\/1_Online-Teamwettbewerb_6ab_1-1024x715.jpg 1024w, https:\/\/hgw.bayern\/wp-content\/uploads\/2022\/01\/1_Online-Teamwettbewerb_6ab_1-300x209.jpg 300w, https:\/\/hgw.bayern\/wp-content\/uploads\/2022\/01\/1_Online-Teamwettbewerb_6ab_1-768x536.jpg 768w, https:\/\/hgw.bayern\/wp-content\/uploads\/2022\/01\/1_Online-Teamwettbewerb_6ab_1-600x419.jpg 600w\" sizes=\"auto, (max-width: 660px) 100vw, 660px\" \/><\/a> <a href=\"http:\/\/hallertau-gymnasium.de\/hgw14\/wp-content\/uploads\/2022\/01\/1_Online-Teamwettbewerb_6cde.jpg\"><img loading=\"lazy\" decoding=\"async\" class=\"alignnone size-large wp-image-15440\" src=\"http:\/\/hallertau-gymnasium.de\/hgw14\/wp-content\/uploads\/2022\/01\/1_Online-Teamwettbewerb_6cde-1024x880.jpg\" alt=\"\" width=\"660\" height=\"567\" srcset=\"https:\/\/hgw.bayern\/wp-content\/uploads\/2022\/01\/1_Online-Teamwettbewerb_6cde-1024x880.jpg 1024w, https:\/\/hgw.bayern\/wp-content\/uploads\/2022\/01\/1_Online-Teamwettbewerb_6cde-300x258.jpg 300w, https:\/\/hgw.bayern\/wp-content\/uploads\/2022\/01\/1_Online-Teamwettbewerb_6cde-768x660.jpg 768w, https:\/\/hgw.bayern\/wp-content\/uploads\/2022\/01\/1_Online-Teamwettbewerb_6cde-600x516.jpg 600w\" sizes=\"auto, (max-width: 660px) 100vw, 660px\" \/><\/a><\/p>\n<p>(2) Franz\u00f6sische Spezialit\u00e4ten wie Cr\u00eapes konnten zwar nicht verkauft werden, ihr k\u00f6nnt sie aber nachkochen (Videos der 8ab).<\/p>\n<div style=\"width: 352px;\" class=\"wp-video\"><!--[if lt IE 9]><script>document.createElement('video');<\/script><![endif]-->\n<video class=\"wp-video-shortcode\" id=\"video-15437-1\" width=\"352\" height=\"640\" preload=\"metadata\" controls=\"controls\"><source type=\"video\/mp4\" src=\"http:\/\/hallertau-gymnasium.de\/hgw14\/wp-content\/uploads\/2022\/01\/2_7_8ab-Mousse-au-chocolat.mp4?_=1\" \/><a href=\"http:\/\/hallertau-gymnasium.de\/hgw14\/wp-content\/uploads\/2022\/01\/2_7_8ab-Mousse-au-chocolat.mp4\">http:\/\/hallertau-gymnasium.de\/hgw14\/wp-content\/uploads\/2022\/01\/2_7_8ab-Mousse-au-chocolat.mp4<\/a><\/video><\/div>\n<p>(3) Wir k\u00f6nnen zwar momentan keinen Besuch an der Partnerschule durchf\u00fchren, daf\u00fcr k\u00fcmmerte sich die Q12 um die Vermittlung franz\u00f6sischer E-Mail- Adressen und stellte den 8. und 9. Jahrgangsstufen unsere Partnerschule \u201eLe Pryntan\u00e9e\u201c in La Fl\u00e8che \u00a0vor.<\/p>\n<p><a href=\"http:\/\/hallertau-gymnasium.de\/hgw14\/wp-content\/uploads\/2022\/01\/3_Q12-Vorstellung-der.-Partnerschule-in-den-8..-u.-9.-Klassen.jpg\"><img loading=\"lazy\" decoding=\"async\" class=\"alignnone size-large wp-image-15442\" src=\"http:\/\/hallertau-gymnasium.de\/hgw14\/wp-content\/uploads\/2022\/01\/3_Q12-Vorstellung-der.-Partnerschule-in-den-8..-u.-9.-Klassen-1024x721.jpg\" alt=\"\" width=\"660\" height=\"465\" srcset=\"https:\/\/hgw.bayern\/wp-content\/uploads\/2022\/01\/3_Q12-Vorstellung-der.-Partnerschule-in-den-8..-u.-9.-Klassen-1024x721.jpg 1024w, https:\/\/hgw.bayern\/wp-content\/uploads\/2022\/01\/3_Q12-Vorstellung-der.-Partnerschule-in-den-8..-u.-9.-Klassen-300x211.jpg 300w, https:\/\/hgw.bayern\/wp-content\/uploads\/2022\/01\/3_Q12-Vorstellung-der.-Partnerschule-in-den-8..-u.-9.-Klassen-768x541.jpg 768w, https:\/\/hgw.bayern\/wp-content\/uploads\/2022\/01\/3_Q12-Vorstellung-der.-Partnerschule-in-den-8..-u.-9.-Klassen-600x423.jpg 600w\" sizes=\"auto, (max-width: 660px) 100vw, 660px\" \/> <\/a><a href=\"http:\/\/hallertau-gymnasium.de\/hgw14\/wp-content\/uploads\/2022\/01\/3_Q12-Vorstellung-der.-Partnerschule-in-den-8..-u.-9.-Klassen.jpg\"><\/a><\/p>\n<p><u>In der Pausenhalle\/Aula:<\/u><\/p>\n<p>Eine Durchsage der 9b zur Bedeutung des deutsch-franz\u00f6sischen Tags leitete die Aktionen ein. Zus\u00e4tzlich wurden die Aktionen in der 1. Pause von franz\u00f6sischer Musik (6a) eingerahmt.<\/p>\n<p>(4) Die 6ab gestaltete Plakate zu Sehensw\u00fcrdigkeiten in Frankreich.<\/p>\n<p><a href=\"http:\/\/hallertau-gymnasium.de\/hgw14\/wp-content\/uploads\/2022\/01\/4_5_10_Plakat_Frankreich_1.jpg\"><img loading=\"lazy\" decoding=\"async\" class=\"alignnone size-large wp-image-15443\" src=\"http:\/\/hallertau-gymnasium.de\/hgw14\/wp-content\/uploads\/2022\/01\/4_5_10_Plakat_Frankreich_1-1024x768.jpg\" alt=\"\" width=\"660\" height=\"495\" srcset=\"https:\/\/hgw.bayern\/wp-content\/uploads\/2022\/01\/4_5_10_Plakat_Frankreich_1-1024x768.jpg 1024w, https:\/\/hgw.bayern\/wp-content\/uploads\/2022\/01\/4_5_10_Plakat_Frankreich_1-300x225.jpg 300w, https:\/\/hgw.bayern\/wp-content\/uploads\/2022\/01\/4_5_10_Plakat_Frankreich_1-768x576.jpg 768w, https:\/\/hgw.bayern\/wp-content\/uploads\/2022\/01\/4_5_10_Plakat_Frankreich_1-600x450.jpg 600w\" sizes=\"auto, (max-width: 660px) 100vw, 660px\" \/>\u00a0<\/a><a href=\"http:\/\/hallertau-gymnasium.de\/hgw14\/wp-content\/uploads\/2022\/01\/4_5_10_Plakat_Frankreich_2.jpg\"><img loading=\"lazy\" decoding=\"async\" class=\"alignnone size-large wp-image-15445\" src=\"http:\/\/hallertau-gymnasium.de\/hgw14\/wp-content\/uploads\/2022\/01\/4_5_10_Plakat_Frankreich_2-1024x722.jpg\" alt=\"\" width=\"660\" height=\"465\" srcset=\"https:\/\/hgw.bayern\/wp-content\/uploads\/2022\/01\/4_5_10_Plakat_Frankreich_2-1024x722.jpg 1024w, https:\/\/hgw.bayern\/wp-content\/uploads\/2022\/01\/4_5_10_Plakat_Frankreich_2-300x212.jpg 300w, https:\/\/hgw.bayern\/wp-content\/uploads\/2022\/01\/4_5_10_Plakat_Frankreich_2-768x542.jpg 768w, https:\/\/hgw.bayern\/wp-content\/uploads\/2022\/01\/4_5_10_Plakat_Frankreich_2-600x423.jpg 600w\" sizes=\"auto, (max-width: 660px) 100vw, 660px\" \/><\/a><\/p>\n<p>(5) Die 7ab erstellte Plakate zu Frankreich.<\/p>\n<p><a href=\"http:\/\/hallertau-gymnasium.de\/hgw14\/wp-content\/uploads\/2022\/01\/4_5_10_Plakat_Frankreich_4.jpg\"><img loading=\"lazy\" decoding=\"async\" class=\"alignnone size-large wp-image-15444\" src=\"http:\/\/hallertau-gymnasium.de\/hgw14\/wp-content\/uploads\/2022\/01\/4_5_10_Plakat_Frankreich_4-1024x750.jpg\" alt=\"\" width=\"660\" height=\"483\" srcset=\"https:\/\/hgw.bayern\/wp-content\/uploads\/2022\/01\/4_5_10_Plakat_Frankreich_4-1024x750.jpg 1024w, https:\/\/hgw.bayern\/wp-content\/uploads\/2022\/01\/4_5_10_Plakat_Frankreich_4-300x220.jpg 300w, https:\/\/hgw.bayern\/wp-content\/uploads\/2022\/01\/4_5_10_Plakat_Frankreich_4-768x563.jpg 768w, https:\/\/hgw.bayern\/wp-content\/uploads\/2022\/01\/4_5_10_Plakat_Frankreich_4-600x440.jpg 600w\" sizes=\"auto, (max-width: 660px) 100vw, 660px\" \/> <\/a><a href=\"http:\/\/hallertau-gymnasium.de\/hgw14\/wp-content\/uploads\/2022\/01\/4_5_10_Plakat_Frankreich_7.jpg\"><img loading=\"lazy\" decoding=\"async\" class=\"alignnone size-large wp-image-15446\" src=\"http:\/\/hallertau-gymnasium.de\/hgw14\/wp-content\/uploads\/2022\/01\/4_5_10_Plakat_Frankreich_7-1024x768.jpg\" alt=\"\" width=\"660\" height=\"495\" srcset=\"https:\/\/hgw.bayern\/wp-content\/uploads\/2022\/01\/4_5_10_Plakat_Frankreich_7-1024x768.jpg 1024w, https:\/\/hgw.bayern\/wp-content\/uploads\/2022\/01\/4_5_10_Plakat_Frankreich_7-300x225.jpg 300w, https:\/\/hgw.bayern\/wp-content\/uploads\/2022\/01\/4_5_10_Plakat_Frankreich_7-768x576.jpg 768w, https:\/\/hgw.bayern\/wp-content\/uploads\/2022\/01\/4_5_10_Plakat_Frankreich_7-600x450.jpg 600w\" sizes=\"auto, (max-width: 660px) 100vw, 660px\" \/><\/a><\/p>\n<p>Die 7cd beteiligte sich mit mehreren Aktionen:<\/p>\n<p>(6a) Ganz kreativ und sehr talentiert interpretierte ein Sch\u00fcler \u201eBallade pour Adeline\u201c auf dem Klavier und gestaltete dazu ein Video mit Aufnahmen zu Paris.<\/p>\n<p><a href=\"http:\/\/hallertau-gymnasium.de\/hgw14\/wp-content\/uploads\/2022\/01\/6a_7c-Ballade-pour-Adeline-gespielt-von-einem-Klaviertalent.png\"><img loading=\"lazy\" decoding=\"async\" class=\"alignnone size-large wp-image-15447\" src=\"http:\/\/hallertau-gymnasium.de\/hgw14\/wp-content\/uploads\/2022\/01\/6a_7c-Ballade-pour-Adeline-gespielt-von-einem-Klaviertalent-1024x576.png\" alt=\"\" width=\"660\" height=\"371\" srcset=\"https:\/\/hgw.bayern\/wp-content\/uploads\/2022\/01\/6a_7c-Ballade-pour-Adeline-gespielt-von-einem-Klaviertalent-1024x576.png 1024w, https:\/\/hgw.bayern\/wp-content\/uploads\/2022\/01\/6a_7c-Ballade-pour-Adeline-gespielt-von-einem-Klaviertalent-300x169.png 300w, https:\/\/hgw.bayern\/wp-content\/uploads\/2022\/01\/6a_7c-Ballade-pour-Adeline-gespielt-von-einem-Klaviertalent-768x432.png 768w, https:\/\/hgw.bayern\/wp-content\/uploads\/2022\/01\/6a_7c-Ballade-pour-Adeline-gespielt-von-einem-Klaviertalent-600x338.png 600w, https:\/\/hgw.bayern\/wp-content\/uploads\/2022\/01\/6a_7c-Ballade-pour-Adeline-gespielt-von-einem-Klaviertalent.png 1920w\" sizes=\"auto, (max-width: 660px) 100vw, 660px\" \/><\/a><\/p>\n<p>(6b) Eine Gruppe M\u00e4dchen textete den Hit \u201eAvenir\u201c von Louane um, so dass ein Lied auf Paris entstand. Zwei Sch\u00fclerinnen sangen das Lied und kreierten dazu ein Musikvideo mit passenden Fotos zu Paris.<\/p>\n<p><strong><em><u>Avenir \u2013 umgetextet<\/u><\/em><\/strong><\/p>\n<p><strong><u>Strophe: <\/u><\/strong><\/p>\n<p><strong>Paris est la capitale de la France, et tout le monde doit la conna\u00eetre.<\/strong><\/p>\n<p><strong>En plus c`est la ville plus visit\u00e9e et je l\u00b4aime tr\u00e8s bon mhmh.<\/strong><\/p>\n<p><strong>Il y a beaucoup d\u00b4attractions touristes par exemple des monuments importants.<\/strong><\/p>\n<p><strong>Comme la tour Eiffel, le Louvre qui est le plus grand mus\u00e9e de Paris.<\/strong><\/p>\n<p><strong>Et l\u00b4Arc de Triomphe qui est situ\u00e9 sur la place de l\u00b4Etoile.<\/strong><\/p>\n<p><strong>La Cath\u00e9drale Notre-Dame de Paris est tr\u00e8s int\u00e9ressante aussi.<\/strong><\/p>\n<p><strong><u>Refrain:<\/u><\/strong><\/p>\n<p><strong>||: Paris est g\u00e9nial, oh<\/strong><\/p>\n<p><strong>\u00a0\u00a0\u00a0 Paris est g\u00e9nial, yeah<\/strong><\/p>\n<p><strong>\u00a0\u00a0\u00a0 Paris est g\u00e9nial! :||<\/strong><\/p>\n<p>(6c) Schlie\u00dflich entwarf eine Sch\u00fclerin ein T-Shirt mit der Aufschrift \u201eLa vie est belle!\u201c HGW in den franz\u00f6sischen Landesfarben. Verkauf \u00fcber die Fachschaft Franz\u00f6sisch!<\/p>\n<p><a href=\"http:\/\/hallertau-gymnasium.de\/hgw14\/wp-content\/uploads\/2022\/01\/6c_T-Shirt-Verkauf_7cd.jpg\"><img loading=\"lazy\" decoding=\"async\" class=\"alignnone size-large wp-image-15448\" src=\"http:\/\/hallertau-gymnasium.de\/hgw14\/wp-content\/uploads\/2022\/01\/6c_T-Shirt-Verkauf_7cd-907x1024.jpg\" alt=\"\" width=\"660\" height=\"745\" srcset=\"https:\/\/hgw.bayern\/wp-content\/uploads\/2022\/01\/6c_T-Shirt-Verkauf_7cd-907x1024.jpg 907w, https:\/\/hgw.bayern\/wp-content\/uploads\/2022\/01\/6c_T-Shirt-Verkauf_7cd-266x300.jpg 266w, https:\/\/hgw.bayern\/wp-content\/uploads\/2022\/01\/6c_T-Shirt-Verkauf_7cd-768x867.jpg 768w, https:\/\/hgw.bayern\/wp-content\/uploads\/2022\/01\/6c_T-Shirt-Verkauf_7cd-600x678.jpg 600w\" sizes=\"auto, (max-width: 660px) 100vw, 660px\" \/><\/a><\/p>\n<p>(7) Die 8ab gestaltete Kochvideos zu franz\u00f6sischen Spezialit\u00e4ten. Eine Auswahl finden Sie hier auf der Homepage.<\/p>\n<div style=\"width: 660px;\" class=\"wp-video\"><video class=\"wp-video-shortcode\" id=\"video-15437-2\" width=\"660\" height=\"990\" preload=\"metadata\" controls=\"controls\"><source type=\"video\/mp4\" src=\"http:\/\/hallertau-gymnasium.de\/hgw14\/wp-content\/uploads\/2022\/01\/2_7_8ab-Tarte-au-chocolat-Schokokuchen.mp4?_=2\" \/><a href=\"http:\/\/hallertau-gymnasium.de\/hgw14\/wp-content\/uploads\/2022\/01\/2_7_8ab-Tarte-au-chocolat-Schokokuchen.mp4\">http:\/\/hallertau-gymnasium.de\/hgw14\/wp-content\/uploads\/2022\/01\/2_7_8ab-Tarte-au-chocolat-Schokokuchen.mp4<\/a><\/video><\/div>\n<p>(8) Die 9ab pr\u00e4sentierte auf Stellw\u00e4nden witzige Karikaturen \u00fcber die wechselseitigen typischen Klischees von Deutschen und Franzosen.<\/p>\n<p><a href=\"http:\/\/hallertau-gymnasium.de\/hgw14\/wp-content\/uploads\/2022\/01\/8_Plakat-zu-Clich\u00e9s_2.jpg\"><img loading=\"lazy\" decoding=\"async\" class=\"alignnone size-large wp-image-15450\" src=\"http:\/\/hallertau-gymnasium.de\/hgw14\/wp-content\/uploads\/2022\/01\/8_Plakat-zu-Clich\u00e9s_2-1024x651.jpg\" alt=\"\" width=\"660\" height=\"420\" srcset=\"https:\/\/hgw.bayern\/wp-content\/uploads\/2022\/01\/8_Plakat-zu-Clich\u00e9s_2-1024x651.jpg 1024w, https:\/\/hgw.bayern\/wp-content\/uploads\/2022\/01\/8_Plakat-zu-Clich\u00e9s_2-300x191.jpg 300w, https:\/\/hgw.bayern\/wp-content\/uploads\/2022\/01\/8_Plakat-zu-Clich\u00e9s_2-768x489.jpg 768w, https:\/\/hgw.bayern\/wp-content\/uploads\/2022\/01\/8_Plakat-zu-Clich\u00e9s_2-600x382.jpg 600w\" sizes=\"auto, (max-width: 660px) 100vw, 660px\" \/><\/a><\/p>\n<p>(9) Die 10ac sorgte mit Chansons und franz\u00f6sischem Rap f\u00fcr franz\u00f6sische Atmosph\u00e4re in der Pausenhalle.<\/p>\n<p><a href=\"http:\/\/hallertau-gymnasium.de\/hgw14\/wp-content\/uploads\/2022\/01\/9_Frz.-Lieder_2.jpg\"><img loading=\"lazy\" decoding=\"async\" class=\"alignnone size-large wp-image-15451\" src=\"http:\/\/hallertau-gymnasium.de\/hgw14\/wp-content\/uploads\/2022\/01\/9_Frz.-Lieder_2-1024x768.jpg\" alt=\"\" width=\"660\" height=\"495\" srcset=\"https:\/\/hgw.bayern\/wp-content\/uploads\/2022\/01\/9_Frz.-Lieder_2-1024x768.jpg 1024w, https:\/\/hgw.bayern\/wp-content\/uploads\/2022\/01\/9_Frz.-Lieder_2-300x225.jpg 300w, https:\/\/hgw.bayern\/wp-content\/uploads\/2022\/01\/9_Frz.-Lieder_2-768x576.jpg 768w, https:\/\/hgw.bayern\/wp-content\/uploads\/2022\/01\/9_Frz.-Lieder_2-600x450.jpg 600w\" sizes=\"auto, (max-width: 660px) 100vw, 660px\" \/><\/a><\/p>\n<p>(10) Die 10b veranstaltete eine Ausstellung \u00fcber die Geschichte der deutsch-franz\u00f6sischen Freundschaft.<\/p>\n<p>Die bunte Vielzahl der Aktionen beweist: Die deutsch-franz\u00f6sische Freundschaft lebt!<\/p>\n<p><em>Vive l\u2019amiti\u00e9 franco-allemande\u00a0!\u00a0\u00a0\u00a0\u00a0 <\/em>(zdaj)<\/p>\n","protected":false},"excerpt":{"rendered":"<p>Es lebe die deutsch-franz\u00f6sische Freundschaft! Nach mehreren zerst\u00f6rerischen Kriegen zwischen Deutschland und Frankreich geschah nach dem zweiten Weltkrieg ein Wunder: Der deutsch-franz\u00f6sische Freundschaftsvertrag vom 22.1.1963 &hellip;<\/p>\n","protected":false},"author":5,"featured_media":15453,"comment_status":"closed","ping_status":"closed","sticky":false,"template":"","format":"standard","meta":{"footnotes":""},"categories":[24,62,6,3],"tags":[],"class_list":["post-15437","post","type-post","status-publish","format-standard","has-post-thumbnail","hentry","category-franzoesisch","category-schuljahr202122","category-sprachen","category-unterricht"],"_links":{"self":[{"href":"https:\/\/hgw.bayern\/index.php?rest_route=\/wp\/v2\/posts\/15437","targetHints":{"allow":["GET"]}}],"collection":[{"href":"https:\/\/hgw.bayern\/index.php?rest_route=\/wp\/v2\/posts"}],"about":[{"href":"https:\/\/hgw.bayern\/index.php?rest_route=\/wp\/v2\/types\/post"}],"author":[{"embeddable":true,"href":"https:\/\/hgw.bayern\/index.php?rest_route=\/wp\/v2\/users\/5"}],"replies":[{"embeddable":true,"href":"https:\/\/hgw.bayern\/index.php?rest_route=%2Fwp%2Fv2%2Fcomments&post=15437"}],"version-history":[{"count":2,"href":"https:\/\/hgw.bayern\/index.php?rest_route=\/wp\/v2\/posts\/15437\/revisions"}],"predecessor-version":[{"id":15454,"href":"https:\/\/hgw.bayern\/index.php?rest_route=\/wp\/v2\/posts\/15437\/revisions\/15454"}],"wp:featuredmedia":[{"embeddable":true,"href":"https:\/\/hgw.bayern\/index.php?rest_route=\/wp\/v2\/media\/15453"}],"wp:attachment":[{"href":"https:\/\/hgw.bayern\/index.php?rest_route=%2Fwp%2Fv2%2Fmedia&parent=15437"}],"wp:term":[{"taxonomy":"category","embeddable":true,"href":"https:\/\/hgw.bayern\/index.php?rest_route=%2Fwp%2Fv2%2Fcategories&post=15437"},{"taxonomy":"post_tag","embeddable":true,"href":"https:\/\/hgw.bayern\/index.php?rest_route=%2Fwp%2Fv2%2Ftags&post=15437"}],"curies":[{"name":"wp","href":"https:\/\/api.w.org\/{rel}","templated":true}]}}