{"id":15499,"date":"2022-02-10T12:16:26","date_gmt":"2022-02-10T12:16:26","guid":{"rendered":"http:\/\/hallertau-gymnasium.de\/hgw14\/?p=15499"},"modified":"2022-02-10T12:16:26","modified_gmt":"2022-02-10T12:16:26","slug":"praesentation-des-p-seminars-eine-musikalische-staedtereise-nach-wien","status":"publish","type":"post","link":"https:\/\/hgw.bayern\/?p=15499","title":{"rendered":"Pr\u00e4sentation des P-Seminars \u201eEine musikalische St\u00e4dtereise nach Wien\u201c"},"content":{"rendered":"<p>16 Damen und Herren des o. g. \u201eProjekt-Seminars zur Studien- und Berufsorientierung\u201c aus der 12. Jahrgangsstufe verbrachten Ende September \/ Anfang Oktober mit Frau Fischer und Herrn Sandt als Begleitung gut vier Tage in der \u00f6sterreichischen Bundeshauptstadt Wien. Die vielen unterschiedlichen Eindr\u00fccke, nicht nur musikalischer Art, h\u00e4tten eigentlich einen \u201eWiener Abend\u201c in der HGW-Aula verdient. Geplant hatten wir Informationen zu Wien und seiner Geschichte, musikalische Beitr\u00e4ge, Catering mit Wiener Spezialit\u00e4ten und vieles mehr.<\/p>\n<p>Wieder einmal hat Covid-19 uns ausgebremst, aber so ganz ohne einen besonderen Abschluss wollten wir dieses Seminar nicht beenden. So haben sich die Kursmitglieder m\u00e4chtig ins Zeug gelegt und es entstand ein gut 45-min\u00fctiges Video mit Foto-Tagebuch, musikalischen Beitr\u00e4gen, Koch-Tutorial, etc. Die Kursmitglieder, Frau Fischer und ich hatten bei der Erstbetrachtung im Musiksaal viel Spa\u00df damit und w\u00fcnschen der geneigten Schulfamilie ebenso viel Freude beim Zuschauen. Hoffen wir auf bessere Zeiten, wo solche Veranstaltungen mit leckerem Catering und guten Gespr\u00e4chen zwischen Sch\u00fclerinnen und Sch\u00fclern, Eltern und Lehrkr\u00e4ften bald wieder m\u00f6glich sind.<\/p>\n<p>Michael Sandt<\/p>\n<p>Hinweise zur Betrachtung des Videos:<\/p>\n<p>Das Video ist ausschlie\u00dflich zur Betrachtung f\u00fcr Mitglieder der HGW-Schulfamilie entstanden, also Sch\u00fclerinnen und Sch\u00fcler, Eltern und die am HGW Besch\u00e4ftigten. Technische Vorkehrungen zum Mitschnitt, anderweitige Ver\u00f6ffentlichungen, auch in Ausz\u00fcgen, auf Social-Media-Kan\u00e4len sowie die Weitergabe des Links an schulfremde Personen sind illegal und ausdr\u00fccklich untersagt.<\/p>\n<p>\u00dcber die folgenden Links ist der Video-Stream bis zum <u>28. Februar 2022<\/u> erreichbar:<\/p>\n<p>Hohe Video-Qualit\u00e4t:<\/p>\n<p><a href=\"https:\/\/hgwbayern-my.sharepoint.com\/:v:\/g\/personal\/michael_sandt_hgw_bayern\/ESvaZ8Qk2MBAiCCio1682_ABeqPHMvfs0XsxEXyZCSUOJg?e=bZMNnN\">https:\/\/hgwbayern-my.sharepoint.com\/:v:\/g\/personal\/michael_sandt_hgw_bayern\/ESvaZ8Qk2MBAiCCio1682_ABeqPHMvfs0XsxEXyZCSUOJg?e=bZMNnN<\/a><\/p>\n<p>&nbsp;<\/p>\n<p>Niedrigere Video-Qualit\u00e4t:<\/p>\n<p><a href=\"https:\/\/hgwbayern-my.sharepoint.com\/:v:\/g\/personal\/michael_sandt_hgw_bayern\/EZZMwX4ws2hCuhqxIgSL0c8BphyNwmKjv6zjr--9BsbmBQ?e=wfZAvO\">https:\/\/hgwbayern-my.sharepoint.com\/:v:\/g\/personal\/michael_sandt_hgw_bayern\/EZZMwX4ws2hCuhqxIgSL0c8BphyNwmKjv6zjr&#8211;9BsbmBQ?e=wfZAvO<\/a><\/p>\n<p><a href=\"http:\/\/hallertau-gymnasium.de\/hgw14\/wp-content\/uploads\/2022\/02\/wien2.jpg\"><img loading=\"lazy\" decoding=\"async\" class=\"alignnone size-large wp-image-15501\" src=\"http:\/\/hallertau-gymnasium.de\/hgw14\/wp-content\/uploads\/2022\/02\/wien2-1024x577.jpg\" alt=\"\" width=\"660\" height=\"372\" srcset=\"https:\/\/hgw.bayern\/wp-content\/uploads\/2022\/02\/wien2-1024x577.jpg 1024w, https:\/\/hgw.bayern\/wp-content\/uploads\/2022\/02\/wien2-300x169.jpg 300w, https:\/\/hgw.bayern\/wp-content\/uploads\/2022\/02\/wien2-768x432.jpg 768w, https:\/\/hgw.bayern\/wp-content\/uploads\/2022\/02\/wien2-600x338.jpg 600w, https:\/\/hgw.bayern\/wp-content\/uploads\/2022\/02\/wien2.jpg 1600w\" sizes=\"auto, (max-width: 660px) 100vw, 660px\" \/><\/a><\/p>\n","protected":false},"excerpt":{"rendered":"<p>16 Damen und Herren des o. g. \u201eProjekt-Seminars zur Studien- und Berufsorientierung\u201c aus der 12. Jahrgangsstufe verbrachten Ende September \/ Anfang Oktober mit Frau Fischer &hellip;<\/p>\n","protected":false},"author":5,"featured_media":15500,"comment_status":"closed","ping_status":"closed","sticky":false,"template":"","format":"standard","meta":{"footnotes":""},"categories":[17,62,44,3,50],"tags":[],"class_list":["post-15499","post","type-post","status-publish","format-standard","has-post-thumbnail","hentry","category-musik","category-schuljahr202122","category-seminare","category-unterricht","category-vortraege-und-exkursionen"],"_links":{"self":[{"href":"https:\/\/hgw.bayern\/index.php?rest_route=\/wp\/v2\/posts\/15499","targetHints":{"allow":["GET"]}}],"collection":[{"href":"https:\/\/hgw.bayern\/index.php?rest_route=\/wp\/v2\/posts"}],"about":[{"href":"https:\/\/hgw.bayern\/index.php?rest_route=\/wp\/v2\/types\/post"}],"author":[{"embeddable":true,"href":"https:\/\/hgw.bayern\/index.php?rest_route=\/wp\/v2\/users\/5"}],"replies":[{"embeddable":true,"href":"https:\/\/hgw.bayern\/index.php?rest_route=%2Fwp%2Fv2%2Fcomments&post=15499"}],"version-history":[{"count":1,"href":"https:\/\/hgw.bayern\/index.php?rest_route=\/wp\/v2\/posts\/15499\/revisions"}],"predecessor-version":[{"id":15502,"href":"https:\/\/hgw.bayern\/index.php?rest_route=\/wp\/v2\/posts\/15499\/revisions\/15502"}],"wp:featuredmedia":[{"embeddable":true,"href":"https:\/\/hgw.bayern\/index.php?rest_route=\/wp\/v2\/media\/15500"}],"wp:attachment":[{"href":"https:\/\/hgw.bayern\/index.php?rest_route=%2Fwp%2Fv2%2Fmedia&parent=15499"}],"wp:term":[{"taxonomy":"category","embeddable":true,"href":"https:\/\/hgw.bayern\/index.php?rest_route=%2Fwp%2Fv2%2Fcategories&post=15499"},{"taxonomy":"post_tag","embeddable":true,"href":"https:\/\/hgw.bayern\/index.php?rest_route=%2Fwp%2Fv2%2Ftags&post=15499"}],"curies":[{"name":"wp","href":"https:\/\/api.w.org\/{rel}","templated":true}]}}