{"id":15867,"date":"2022-06-29T10:31:11","date_gmt":"2022-06-29T10:31:11","guid":{"rendered":"http:\/\/hallertau-gymnasium.de\/hgw14\/?p=15867"},"modified":"2022-06-29T10:31:11","modified_gmt":"2022-06-29T10:31:11","slug":"sommerserenade-da-capo","status":"publish","type":"post","link":"https:\/\/hgw.bayern\/?p=15867","title":{"rendered":"Sommerserenade &#8211; da Capo!"},"content":{"rendered":"<p>Nach einer langen coronabedingten Pause, findet auch die Musik an der Schule endlich wieder ihren Weg zur\u00fcck auf die B\u00fchne. Mit dem Konzert \u201eSommerserenade\u201c lud die Fachschaft Musik letzten Montag zu einem kurzweiligen Abend gef\u00fcllt mit neu einstudierten Liedern ein.<\/p>\n<p><a href=\"http:\/\/hallertau-gymnasium.de\/hgw14\/wp-content\/uploads\/2022\/06\/s13.jpg\"><img loading=\"lazy\" decoding=\"async\" class=\"alignnone size-large wp-image-15874\" src=\"http:\/\/hallertau-gymnasium.de\/hgw14\/wp-content\/uploads\/2022\/06\/s13-1024x664.jpg\" alt=\"\" width=\"660\" height=\"428\" srcset=\"https:\/\/hgw.bayern\/wp-content\/uploads\/2022\/06\/s13-1024x664.jpg 1024w, https:\/\/hgw.bayern\/wp-content\/uploads\/2022\/06\/s13-300x195.jpg 300w, https:\/\/hgw.bayern\/wp-content\/uploads\/2022\/06\/s13-768x498.jpg 768w, https:\/\/hgw.bayern\/wp-content\/uploads\/2022\/06\/s13-600x389.jpg 600w, https:\/\/hgw.bayern\/wp-content\/uploads\/2022\/06\/s13.jpg 1798w\" sizes=\"auto, (max-width: 660px) 100vw, 660px\" \/><\/a><\/p>\n<p>Die Er\u00f6ffnung erfolgte durch das Schulorchester von Frau Fischer, welches \u201ePolonaise\u201c und \u201eCzardas\u201c zum Besten gab. Und bereits hier fiel auf: Einige Sch\u00fcler, die erst in der Woche zuvor ihre Abiturzeugnisse erhalten hatten, befanden sich an diesem Abend dennoch ein letztes Mal auf der B\u00fchne der Aula. Zu ihnen geh\u00f6rte auch Agnes Mock, die das Publikum mit ihrem Additum-St\u00fcck \u201eRomanze op. 26\u201c verzauberte:<\/p>\n<p><a href=\"http:\/\/hallertau-gymnasium.de\/hgw14\/wp-content\/uploads\/2022\/06\/s17.jpg\"><img loading=\"lazy\" decoding=\"async\" class=\"alignnone size-large wp-image-15868\" src=\"http:\/\/hallertau-gymnasium.de\/hgw14\/wp-content\/uploads\/2022\/06\/s17-1024x486.jpg\" alt=\"\" width=\"660\" height=\"313\" srcset=\"https:\/\/hgw.bayern\/wp-content\/uploads\/2022\/06\/s17-1024x486.jpg 1024w, https:\/\/hgw.bayern\/wp-content\/uploads\/2022\/06\/s17-300x142.jpg 300w, https:\/\/hgw.bayern\/wp-content\/uploads\/2022\/06\/s17-768x364.jpg 768w, https:\/\/hgw.bayern\/wp-content\/uploads\/2022\/06\/s17-600x285.jpg 600w\" sizes=\"auto, (max-width: 660px) 100vw, 660px\" \/><\/a><\/p>\n<p>Eine weitere Solistin an diesem Abend war Simona Forsthofer aus der Q11, die sowohl \u201eLe Violette\u201c, als auch \u201eOnly Hope\u201c, dies in Begleitung von Elisa Lohr am Violoncello, sang:<\/p>\n<p><a href=\"http:\/\/hallertau-gymnasium.de\/hgw14\/wp-content\/uploads\/2022\/06\/s11.jpg\"><img loading=\"lazy\" decoding=\"async\" class=\"alignnone size-large wp-image-15869\" src=\"http:\/\/hallertau-gymnasium.de\/hgw14\/wp-content\/uploads\/2022\/06\/s11-1024x574.jpg\" alt=\"\" width=\"660\" height=\"370\" srcset=\"https:\/\/hgw.bayern\/wp-content\/uploads\/2022\/06\/s11-1024x574.jpg 1024w, https:\/\/hgw.bayern\/wp-content\/uploads\/2022\/06\/s11-300x168.jpg 300w, https:\/\/hgw.bayern\/wp-content\/uploads\/2022\/06\/s11-768x430.jpg 768w, https:\/\/hgw.bayern\/wp-content\/uploads\/2022\/06\/s11-600x336.jpg 600w, https:\/\/hgw.bayern\/wp-content\/uploads\/2022\/06\/s11.jpg 1934w\" sizes=\"auto, (max-width: 660px) 100vw, 660px\" \/><\/a> <a href=\"http:\/\/hallertau-gymnasium.de\/hgw14\/wp-content\/uploads\/2022\/06\/s18.jpg\"><img loading=\"lazy\" decoding=\"async\" class=\"alignnone size-large wp-image-15870\" src=\"http:\/\/hallertau-gymnasium.de\/hgw14\/wp-content\/uploads\/2022\/06\/s18-1024x527.jpg\" alt=\"\" width=\"660\" height=\"340\" srcset=\"https:\/\/hgw.bayern\/wp-content\/uploads\/2022\/06\/s18-1024x527.jpg 1024w, https:\/\/hgw.bayern\/wp-content\/uploads\/2022\/06\/s18-300x154.jpg 300w, https:\/\/hgw.bayern\/wp-content\/uploads\/2022\/06\/s18-768x395.jpg 768w, https:\/\/hgw.bayern\/wp-content\/uploads\/2022\/06\/s18-600x309.jpg 600w, https:\/\/hgw.bayern\/wp-content\/uploads\/2022\/06\/s18.jpg 2018w\" sizes=\"auto, (max-width: 660px) 100vw, 660px\" \/><\/a><\/p>\n<p>Doch auch die verschiedenen Ch\u00f6re begeisterten trotz teils kleinerer Besetzung, die man jedoch kaum bemerkt hatte, die Zuschauer. So war an diesem Abend vom Unter- und Mittelstufenchor, unter der Leitung Frau Slesionas, \u201eI Believe In Springtime\u201c und \u201eThe Mob Song\u201c aus dem Musical \u201eThe Beauty and The Beast\u201c zu h\u00f6ren. Das Q11 Vokalensemble von Herr Sandt pr\u00e4sentierte \u201eRock for Fun\u201c in A cappella-Mehrstimmigkeit.<\/p>\n<p><a href=\"http:\/\/hallertau-gymnasium.de\/hgw14\/wp-content\/uploads\/2022\/06\/s16.jpg\"><img loading=\"lazy\" decoding=\"async\" class=\"alignnone size-large wp-image-15871\" src=\"http:\/\/hallertau-gymnasium.de\/hgw14\/wp-content\/uploads\/2022\/06\/s16-1024x470.jpg\" alt=\"\" width=\"660\" height=\"303\" srcset=\"https:\/\/hgw.bayern\/wp-content\/uploads\/2022\/06\/s16-1024x470.jpg 1024w, https:\/\/hgw.bayern\/wp-content\/uploads\/2022\/06\/s16-300x138.jpg 300w, https:\/\/hgw.bayern\/wp-content\/uploads\/2022\/06\/s16-768x353.jpg 768w, https:\/\/hgw.bayern\/wp-content\/uploads\/2022\/06\/s16-600x275.jpg 600w\" sizes=\"auto, (max-width: 660px) 100vw, 660px\" \/><\/a><\/p>\n<p>Zum Abschluss ihres P-Seminars \u201eMusikalische St\u00e4dtereise nach Wien\u201c f\u00fchrten die Abiturientinnen und Abiturienten den Titel \u201eWien bleibt Wien\u201c auf.<\/p>\n<p>Eines der gro\u00dfen Highlights allerdings stellte die Bl\u00e4serklasse der f\u00fcnften und sechsten Klasse dar. Aufgrund der Pandemie konnten die jetzigen Sechstkl\u00e4ssler ihre Instrumente letztes Jahr noch nicht erlernen, weshalb nun beide Jahrg\u00e4nge zusammengelegt worden sind. F\u00fcr ihr B\u00fchnen-Debut suchten sie sich die beiden Lieder \u201eWhat shall we do with a drunken sailor\u201c, sowie \u201eHoneysuckle Rose\u201c aus.<\/p>\n<p><a href=\"http:\/\/hallertau-gymnasium.de\/hgw14\/wp-content\/uploads\/2022\/06\/s15.jpg\"><img loading=\"lazy\" decoding=\"async\" class=\"alignnone size-large wp-image-15872\" src=\"http:\/\/hallertau-gymnasium.de\/hgw14\/wp-content\/uploads\/2022\/06\/s15-1024x494.jpg\" alt=\"\" width=\"660\" height=\"318\" srcset=\"https:\/\/hgw.bayern\/wp-content\/uploads\/2022\/06\/s15-1024x494.jpg 1024w, https:\/\/hgw.bayern\/wp-content\/uploads\/2022\/06\/s15-300x145.jpg 300w, https:\/\/hgw.bayern\/wp-content\/uploads\/2022\/06\/s15-768x371.jpg 768w, https:\/\/hgw.bayern\/wp-content\/uploads\/2022\/06\/s15-600x290.jpg 600w\" sizes=\"auto, (max-width: 660px) 100vw, 660px\" \/><\/a><\/p>\n<p>Abgerundet wurde die Veranstaltung durch die Titel \u201eIt don\u2019t Mean a Thing (If It Ain\u2019t Got That Swing)\u201c und \u201eBig Noise from Winnetka\u201c der Big Band, unter der Leitung von Herr Sandt, der ebenfalls als Moderator durch den Abend f\u00fchrte.<\/p>\n<p><a href=\"http:\/\/hallertau-gymnasium.de\/hgw14\/wp-content\/uploads\/2022\/06\/s10.jpg\"><img loading=\"lazy\" decoding=\"async\" class=\"alignnone size-large wp-image-15873\" src=\"http:\/\/hallertau-gymnasium.de\/hgw14\/wp-content\/uploads\/2022\/06\/s10-1024x439.jpg\" alt=\"\" width=\"660\" height=\"283\" srcset=\"https:\/\/hgw.bayern\/wp-content\/uploads\/2022\/06\/s10-1024x439.jpg 1024w, https:\/\/hgw.bayern\/wp-content\/uploads\/2022\/06\/s10-300x129.jpg 300w, https:\/\/hgw.bayern\/wp-content\/uploads\/2022\/06\/s10-768x329.jpg 768w, https:\/\/hgw.bayern\/wp-content\/uploads\/2022\/06\/s10-600x257.jpg 600w\" sizes=\"auto, (max-width: 660px) 100vw, 660px\" \/><\/a><\/p>\n<p>Text und Fotos: Alina Reiter Q11<\/p>\n<p>&nbsp;<\/p>\n","protected":false},"excerpt":{"rendered":"<p>Nach einer langen coronabedingten Pause, findet auch die Musik an der Schule endlich wieder ihren Weg zur\u00fcck auf die B\u00fchne. Mit dem Konzert \u201eSommerserenade\u201c lud &hellip;<\/p>\n","protected":false},"author":5,"featured_media":15875,"comment_status":"closed","ping_status":"closed","sticky":false,"template":"","format":"standard","meta":{"footnotes":""},"categories":[17,62,3],"tags":[],"class_list":["post-15867","post","type-post","status-publish","format-standard","has-post-thumbnail","hentry","category-musik","category-schuljahr202122","category-unterricht"],"_links":{"self":[{"href":"https:\/\/hgw.bayern\/index.php?rest_route=\/wp\/v2\/posts\/15867","targetHints":{"allow":["GET"]}}],"collection":[{"href":"https:\/\/hgw.bayern\/index.php?rest_route=\/wp\/v2\/posts"}],"about":[{"href":"https:\/\/hgw.bayern\/index.php?rest_route=\/wp\/v2\/types\/post"}],"author":[{"embeddable":true,"href":"https:\/\/hgw.bayern\/index.php?rest_route=\/wp\/v2\/users\/5"}],"replies":[{"embeddable":true,"href":"https:\/\/hgw.bayern\/index.php?rest_route=%2Fwp%2Fv2%2Fcomments&post=15867"}],"version-history":[{"count":1,"href":"https:\/\/hgw.bayern\/index.php?rest_route=\/wp\/v2\/posts\/15867\/revisions"}],"predecessor-version":[{"id":15876,"href":"https:\/\/hgw.bayern\/index.php?rest_route=\/wp\/v2\/posts\/15867\/revisions\/15876"}],"wp:featuredmedia":[{"embeddable":true,"href":"https:\/\/hgw.bayern\/index.php?rest_route=\/wp\/v2\/media\/15875"}],"wp:attachment":[{"href":"https:\/\/hgw.bayern\/index.php?rest_route=%2Fwp%2Fv2%2Fmedia&parent=15867"}],"wp:term":[{"taxonomy":"category","embeddable":true,"href":"https:\/\/hgw.bayern\/index.php?rest_route=%2Fwp%2Fv2%2Fcategories&post=15867"},{"taxonomy":"post_tag","embeddable":true,"href":"https:\/\/hgw.bayern\/index.php?rest_route=%2Fwp%2Fv2%2Ftags&post=15867"}],"curies":[{"name":"wp","href":"https:\/\/api.w.org\/{rel}","templated":true}]}}