{"id":15988,"date":"2022-07-27T06:33:00","date_gmt":"2022-07-27T06:33:00","guid":{"rendered":"http:\/\/hallertau-gymnasium.de\/hgw14\/?p=15988"},"modified":"2022-07-27T06:33:35","modified_gmt":"2022-07-27T06:33:35","slug":"das-hgw-ehrt-engagement-und-leistung","status":"publish","type":"post","link":"https:\/\/hgw.bayern\/?p=15988","title":{"rendered":"Das HGW ehrt Engagement und Leistung"},"content":{"rendered":"<p><strong>Sozialpreis f\u00fcr Afra Brummer<\/strong><\/p>\n<p><a href=\"http:\/\/hallertau-gymnasium.de\/hgw14\/wp-content\/uploads\/2022\/07\/afra.jpeg\"><img loading=\"lazy\" decoding=\"async\" class=\"alignnone size-large wp-image-15989\" src=\"http:\/\/hallertau-gymnasium.de\/hgw14\/wp-content\/uploads\/2022\/07\/afra-1024x801.jpeg\" alt=\"\" width=\"660\" height=\"516\" srcset=\"https:\/\/hgw.bayern\/wp-content\/uploads\/2022\/07\/afra-1024x801.jpeg 1024w, https:\/\/hgw.bayern\/wp-content\/uploads\/2022\/07\/afra-300x235.jpeg 300w, https:\/\/hgw.bayern\/wp-content\/uploads\/2022\/07\/afra-768x601.jpeg 768w, https:\/\/hgw.bayern\/wp-content\/uploads\/2022\/07\/afra-600x470.jpeg 600w, https:\/\/hgw.bayern\/wp-content\/uploads\/2022\/07\/afra.jpeg 1637w\" sizes=\"auto, (max-width: 660px) 100vw, 660px\" \/><\/a><\/p>\n<p>Endlich wieder! Das Hallertau-Gymnasium Wolnzach ehrt das besondere Engagement vieler Sch\u00fclerinnen und Sch\u00fcler f\u00fcr die Schulfamilie, sei es als Tutorin oder Tutor f\u00fcr unsere F\u00fcnftkl\u00e4ssler, als Mitglied im Schulsanit\u00e4tsdienst oder als Sch\u00fclersprecherin bzw. Sch\u00fclersprecher. Aber auch die Schulbesten dienen als Vorbild in Leistungsf\u00e4higkeit und Leistungsbereitschaft. Alle Genannten leisteten wichtige Beitr\u00e4ge zum Schulleben am HGW.<\/p>\n<p>Daher freuen wir uns, dass die Ehrung am Freitag, 22.07.2022 in einer kleinen Feierstunde in der Aula stattfinden konnte, nachdem diese Veranstaltung in den vorherigen beiden Schuljahren leider abgesagt werden musste. Die Bl\u00e4serklassen der Jahrgangsstufen 5 und 6 verliehen der Veranstaltung mit zwei St\u00fccken einen w\u00fcrdigen Rahmen. Alle Geehrten erhielten ein kleines Pr\u00e4sent und die Tutorinnen und Tutoren auch eine Urkunde. Die 33 Schulbesten mit einem Gesamtschnitt von 1,50 oder besser erhielten einen Buchgutschein, der dankenswerterweise vom F\u00f6rderkreis des HGW finanziert wurde.<\/p>\n<p>Besonders hervorgehoben wurden unsere drei Sch\u00fclersprecher. Sie haben in den Zeiten der pandemiebedingten Einschr\u00e4nkungen Herausragendes geleistet. Lara Schneewei\u00df und Joschua Bl\u00fcmelhuber wurden bereits bei ihrer Abiturfeier gew\u00fcrdigt. Lara Kirmaier aus der Q11 war bei der Feierstunde anwesend und konnte ihre wohlverdiente Ehrung entgegennehmen.<\/p>\n<p><a href=\"http:\/\/hallertau-gymnasium.de\/hgw14\/wp-content\/uploads\/2022\/07\/e7.jpg\"><img loading=\"lazy\" decoding=\"async\" class=\"alignnone size-large wp-image-15997\" src=\"http:\/\/hallertau-gymnasium.de\/hgw14\/wp-content\/uploads\/2022\/07\/e7-1024x912.jpg\" alt=\"\" width=\"660\" height=\"588\" srcset=\"https:\/\/hgw.bayern\/wp-content\/uploads\/2022\/07\/e7-1024x912.jpg 1024w, https:\/\/hgw.bayern\/wp-content\/uploads\/2022\/07\/e7-300x267.jpg 300w, https:\/\/hgw.bayern\/wp-content\/uploads\/2022\/07\/e7-768x684.jpg 768w, https:\/\/hgw.bayern\/wp-content\/uploads\/2022\/07\/e7-600x534.jpg 600w, https:\/\/hgw.bayern\/wp-content\/uploads\/2022\/07\/e7.jpg 1147w\" sizes=\"auto, (max-width: 660px) 100vw, 660px\" \/><\/a><\/p>\n<p>Als H\u00f6hepunkt der Veranstaltung wurde der Sozialpreis des HGW vergeben. Aus sechs Vorschl\u00e4gen w\u00e4hlte die Jury die diesj\u00e4hrige Preistr\u00e4gerin aus. Den Sozialpreis 2022 erhielt die Sch\u00fclerin Afra Brummer aus der Klasse 9B. Sie hat sich weit \u00fcber das normale Ma\u00df hinaus f\u00fcr Ihrer Mitsch\u00fclerinnen und Mitsch\u00fcler eingesetzt. Besonders in den Zeiten der Schulschlie\u00dfung war sie sehr aktiv und hat sich intensiv um ihre Klasse gek\u00fcmmert. Sie zeigt insgesamt einen Einsatz, der f\u00fcr eine Neuntkl\u00e4sslerin sehr au\u00dfergew\u00f6hnlich ist. Dies wurde besonders in der unterhaltsamen Laudatio von Frau Martina Brenner deutlich. Leider konnte Afra bei der Ehrung selbst nicht anwesend sein, weil sie sich bereits auf dem Weg zu einer Sprachreise nach Frankreich befand. Sie wurde von ihrer Mutter vertreten, die den Pokal und die Urkunde entgegennahm. Das Foto mit Afra wurde bereits am Tag vor der Abreise gemacht.<\/p>\n<p><a href=\"http:\/\/hallertau-gymnasium.de\/hgw14\/wp-content\/uploads\/2022\/07\/e10.jpg\"><img loading=\"lazy\" decoding=\"async\" class=\"alignnone size-large wp-image-15990\" src=\"http:\/\/hallertau-gymnasium.de\/hgw14\/wp-content\/uploads\/2022\/07\/e10-1024x460.jpg\" alt=\"\" width=\"660\" height=\"296\" srcset=\"https:\/\/hgw.bayern\/wp-content\/uploads\/2022\/07\/e10-1024x460.jpg 1024w, https:\/\/hgw.bayern\/wp-content\/uploads\/2022\/07\/e10-300x135.jpg 300w, https:\/\/hgw.bayern\/wp-content\/uploads\/2022\/07\/e10-768x345.jpg 768w, https:\/\/hgw.bayern\/wp-content\/uploads\/2022\/07\/e10-600x270.jpg 600w, https:\/\/hgw.bayern\/wp-content\/uploads\/2022\/07\/e10.jpg 1931w\" sizes=\"auto, (max-width: 660px) 100vw, 660px\" \/><\/a> <a href=\"http:\/\/hallertau-gymnasium.de\/hgw14\/wp-content\/uploads\/2022\/07\/e2.jpg\"><img loading=\"lazy\" decoding=\"async\" class=\"alignnone size-large wp-image-15992\" src=\"http:\/\/hallertau-gymnasium.de\/hgw14\/wp-content\/uploads\/2022\/07\/e2-1024x575.jpg\" alt=\"\" width=\"660\" height=\"371\" srcset=\"https:\/\/hgw.bayern\/wp-content\/uploads\/2022\/07\/e2-1024x575.jpg 1024w, https:\/\/hgw.bayern\/wp-content\/uploads\/2022\/07\/e2-300x169.jpg 300w, https:\/\/hgw.bayern\/wp-content\/uploads\/2022\/07\/e2-768x432.jpg 768w, https:\/\/hgw.bayern\/wp-content\/uploads\/2022\/07\/e2-600x337.jpg 600w, https:\/\/hgw.bayern\/wp-content\/uploads\/2022\/07\/e2.jpg 1931w\" sizes=\"auto, (max-width: 660px) 100vw, 660px\" \/><\/a> <a href=\"http:\/\/hallertau-gymnasium.de\/hgw14\/wp-content\/uploads\/2022\/07\/e3.jpg\"><img loading=\"lazy\" decoding=\"async\" class=\"alignnone size-large wp-image-15993\" src=\"http:\/\/hallertau-gymnasium.de\/hgw14\/wp-content\/uploads\/2022\/07\/e3-1024x575.jpg\" alt=\"\" width=\"660\" height=\"371\" srcset=\"https:\/\/hgw.bayern\/wp-content\/uploads\/2022\/07\/e3-1024x575.jpg 1024w, https:\/\/hgw.bayern\/wp-content\/uploads\/2022\/07\/e3-300x169.jpg 300w, https:\/\/hgw.bayern\/wp-content\/uploads\/2022\/07\/e3-768x432.jpg 768w, https:\/\/hgw.bayern\/wp-content\/uploads\/2022\/07\/e3-600x337.jpg 600w, https:\/\/hgw.bayern\/wp-content\/uploads\/2022\/07\/e3.jpg 1931w\" sizes=\"auto, (max-width: 660px) 100vw, 660px\" \/><\/a> <a href=\"http:\/\/hallertau-gymnasium.de\/hgw14\/wp-content\/uploads\/2022\/07\/e4.jpg\"><img loading=\"lazy\" decoding=\"async\" class=\"alignnone size-large wp-image-15994\" src=\"http:\/\/hallertau-gymnasium.de\/hgw14\/wp-content\/uploads\/2022\/07\/e4-1024x426.jpg\" alt=\"\" width=\"660\" height=\"275\" srcset=\"https:\/\/hgw.bayern\/wp-content\/uploads\/2022\/07\/e4-1024x426.jpg 1024w, https:\/\/hgw.bayern\/wp-content\/uploads\/2022\/07\/e4-300x125.jpg 300w, https:\/\/hgw.bayern\/wp-content\/uploads\/2022\/07\/e4-768x319.jpg 768w, https:\/\/hgw.bayern\/wp-content\/uploads\/2022\/07\/e4-600x250.jpg 600w, https:\/\/hgw.bayern\/wp-content\/uploads\/2022\/07\/e4.jpg 1931w\" sizes=\"auto, (max-width: 660px) 100vw, 660px\" \/><\/a> <a href=\"http:\/\/hallertau-gymnasium.de\/hgw14\/wp-content\/uploads\/2022\/07\/e5.jpg\"><img loading=\"lazy\" decoding=\"async\" class=\"alignnone size-large wp-image-15995\" src=\"http:\/\/hallertau-gymnasium.de\/hgw14\/wp-content\/uploads\/2022\/07\/e5-1024x454.jpg\" alt=\"\" width=\"660\" height=\"293\" srcset=\"https:\/\/hgw.bayern\/wp-content\/uploads\/2022\/07\/e5-1024x454.jpg 1024w, https:\/\/hgw.bayern\/wp-content\/uploads\/2022\/07\/e5-300x133.jpg 300w, https:\/\/hgw.bayern\/wp-content\/uploads\/2022\/07\/e5-768x341.jpg 768w, https:\/\/hgw.bayern\/wp-content\/uploads\/2022\/07\/e5-600x266.jpg 600w, https:\/\/hgw.bayern\/wp-content\/uploads\/2022\/07\/e5.jpg 1931w\" sizes=\"auto, (max-width: 660px) 100vw, 660px\" \/><\/a> <a href=\"http:\/\/hallertau-gymnasium.de\/hgw14\/wp-content\/uploads\/2022\/07\/e6.jpg\"><img loading=\"lazy\" decoding=\"async\" class=\"alignnone size-large wp-image-15996\" src=\"http:\/\/hallertau-gymnasium.de\/hgw14\/wp-content\/uploads\/2022\/07\/e6-1024x461.jpg\" alt=\"\" width=\"660\" height=\"297\" srcset=\"https:\/\/hgw.bayern\/wp-content\/uploads\/2022\/07\/e6-1024x461.jpg 1024w, https:\/\/hgw.bayern\/wp-content\/uploads\/2022\/07\/e6-300x135.jpg 300w, https:\/\/hgw.bayern\/wp-content\/uploads\/2022\/07\/e6-768x346.jpg 768w, https:\/\/hgw.bayern\/wp-content\/uploads\/2022\/07\/e6-600x270.jpg 600w, https:\/\/hgw.bayern\/wp-content\/uploads\/2022\/07\/e6.jpg 1822w\" sizes=\"auto, (max-width: 660px) 100vw, 660px\" \/><\/a> <a href=\"http:\/\/hallertau-gymnasium.de\/hgw14\/wp-content\/uploads\/2022\/07\/e8.jpg\"><img loading=\"lazy\" decoding=\"async\" class=\"alignnone size-large wp-image-15998\" src=\"http:\/\/hallertau-gymnasium.de\/hgw14\/wp-content\/uploads\/2022\/07\/e8-1024x513.jpg\" alt=\"\" width=\"660\" height=\"331\" srcset=\"https:\/\/hgw.bayern\/wp-content\/uploads\/2022\/07\/e8-1024x513.jpg 1024w, https:\/\/hgw.bayern\/wp-content\/uploads\/2022\/07\/e8-300x150.jpg 300w, https:\/\/hgw.bayern\/wp-content\/uploads\/2022\/07\/e8-768x385.jpg 768w, https:\/\/hgw.bayern\/wp-content\/uploads\/2022\/07\/e8-600x301.jpg 600w, https:\/\/hgw.bayern\/wp-content\/uploads\/2022\/07\/e8.jpg 1726w\" sizes=\"auto, (max-width: 660px) 100vw, 660px\" \/><\/a> <a href=\"http:\/\/hallertau-gymnasium.de\/hgw14\/wp-content\/uploads\/2022\/07\/e9.jpg\"><img loading=\"lazy\" decoding=\"async\" class=\"alignnone size-large wp-image-15999\" src=\"http:\/\/hallertau-gymnasium.de\/hgw14\/wp-content\/uploads\/2022\/07\/e9-1024x400.jpg\" alt=\"\" width=\"660\" height=\"258\" srcset=\"https:\/\/hgw.bayern\/wp-content\/uploads\/2022\/07\/e9-1024x400.jpg 1024w, https:\/\/hgw.bayern\/wp-content\/uploads\/2022\/07\/e9-300x117.jpg 300w, https:\/\/hgw.bayern\/wp-content\/uploads\/2022\/07\/e9-768x300.jpg 768w, https:\/\/hgw.bayern\/wp-content\/uploads\/2022\/07\/e9-600x235.jpg 600w, https:\/\/hgw.bayern\/wp-content\/uploads\/2022\/07\/e9.jpg 1931w\" sizes=\"auto, (max-width: 660px) 100vw, 660px\" \/><\/a><\/p>\n","protected":false},"excerpt":{"rendered":"<p>Sozialpreis f\u00fcr Afra Brummer Endlich wieder! Das Hallertau-Gymnasium Wolnzach ehrt das besondere Engagement vieler Sch\u00fclerinnen und Sch\u00fcler f\u00fcr die Schulfamilie, sei es als Tutorin oder &hellip;<\/p>\n","protected":false},"author":5,"featured_media":15991,"comment_status":"closed","ping_status":"closed","sticky":false,"template":"","format":"standard","meta":{"footnotes":""},"categories":[39,62,36],"tags":[],"class_list":["post-15988","post","type-post","status-publish","format-standard","has-post-thumbnail","hentry","category-das-gehoert-zum-hgw","category-schuljahr202122","category-schulleitung"],"_links":{"self":[{"href":"https:\/\/hgw.bayern\/index.php?rest_route=\/wp\/v2\/posts\/15988","targetHints":{"allow":["GET"]}}],"collection":[{"href":"https:\/\/hgw.bayern\/index.php?rest_route=\/wp\/v2\/posts"}],"about":[{"href":"https:\/\/hgw.bayern\/index.php?rest_route=\/wp\/v2\/types\/post"}],"author":[{"embeddable":true,"href":"https:\/\/hgw.bayern\/index.php?rest_route=\/wp\/v2\/users\/5"}],"replies":[{"embeddable":true,"href":"https:\/\/hgw.bayern\/index.php?rest_route=%2Fwp%2Fv2%2Fcomments&post=15988"}],"version-history":[{"count":2,"href":"https:\/\/hgw.bayern\/index.php?rest_route=\/wp\/v2\/posts\/15988\/revisions"}],"predecessor-version":[{"id":16001,"href":"https:\/\/hgw.bayern\/index.php?rest_route=\/wp\/v2\/posts\/15988\/revisions\/16001"}],"wp:featuredmedia":[{"embeddable":true,"href":"https:\/\/hgw.bayern\/index.php?rest_route=\/wp\/v2\/media\/15991"}],"wp:attachment":[{"href":"https:\/\/hgw.bayern\/index.php?rest_route=%2Fwp%2Fv2%2Fmedia&parent=15988"}],"wp:term":[{"taxonomy":"category","embeddable":true,"href":"https:\/\/hgw.bayern\/index.php?rest_route=%2Fwp%2Fv2%2Fcategories&post=15988"},{"taxonomy":"post_tag","embeddable":true,"href":"https:\/\/hgw.bayern\/index.php?rest_route=%2Fwp%2Fv2%2Ftags&post=15988"}],"curies":[{"name":"wp","href":"https:\/\/api.w.org\/{rel}","templated":true}]}}