{"id":16545,"date":"2023-01-31T07:41:45","date_gmt":"2023-01-31T07:41:45","guid":{"rendered":"https:\/\/hgw.bayern\/?p=16545"},"modified":"2023-01-31T09:46:45","modified_gmt":"2023-01-31T09:46:45","slug":"emilia-lange-ist-siegerin-des-schulwettbewerbs-jugend-debattiert","status":"publish","type":"post","link":"https:\/\/hgw.bayern\/?p=16545","title":{"rendered":"Emilia Lange ist Siegerin des Schulwettbewerbs \u201eJugend debattiert\u201c"},"content":{"rendered":"<p>Allj\u00e4hrlich um den Jahreswechsel entbrennt in Deutschland die Diskussion, ob privates Silvester-Feuerwerk verboten werden soll. Vor allem nach den letzten beiden Coronajahren, in denen Feuerwerk nur unter Einschr\u00e4nkungen m\u00f6glich gewesen war, stellen viele die Sinnhaftigkeit dieser Tradition in Frage. So wundert es nicht, dass dies auch f\u00fcr den Wettbewerb \u201eJugend debattiert\u201c als interessante Themenstellung galt, die die vier DebattantInnen dann auch im Finale des Schulentscheids zu er\u00f6rtern hatten, der f\u00fcr die Sekundarstufe I am 13. Januar 2023 stattfand. In den beiden Vorrunden konnten sich Emilia Lange (Klasse 9a), Moritz Raith (Klasse 9b), Sarah Renkl (Klasse 9c) und Franziska Bauer (Klasse 9c) f\u00fcr das Finale qualifizieren. W\u00e4hrend die Pro-Seite, die sich f\u00fcr das Verbot von Silvester-Feuerwerk aussprach, sich vor allem auf den Schaden f\u00fcr Natur und Tierwelt berief, der durch M\u00fcll und L\u00e4rm verursacht wird, konterte die Gegenseite mit dem Einwand der Unverh\u00e4ltnism\u00e4\u00dfigkeit der Ma\u00dfnahme, da Silvester ja nur einmal im Jahr stattfindet und zudem eine beliebte Tradition darstelle, die man dem einzelnen B\u00fcrger nicht verbieten d\u00fcrfe. Emilia Lange, die die Position Pro 1 einnahm, konnte die Jury durch ihre pr\u00e4zisen und gut durchdachten Beitr\u00e4ge \u00fcberzeugen, in denen sie auch eine solide Sachkenntnis unter Beweis stellte. Sarah Renkl, die auf Position Pro 2 mit guten Argumenten brillierte, erreichte Rang zwei, w\u00e4hrend Franziska Bauer (Contra 2) vor allem durch Authentizit\u00e4t und Glaubw\u00fcrdigkeit herausstach und damit den dritten Platz erzielte. Aber auch Moritz Raith lieferte eine wirklich souver\u00e4ne Leistung, sodass den Zuh\u00f6rern in der Finaldebatte eine sachliche und faire Auseinandersetzung auf h\u00f6chstem Niveau geboten wurde.<\/p>\n<p><a href=\"https:\/\/hgw.bayern\/wp-content\/uploads\/2023\/01\/JD3.jpg\"><img loading=\"lazy\" decoding=\"async\" class=\"alignnone size-large wp-image-16550\" src=\"https:\/\/hgw.bayern\/wp-content\/uploads\/2023\/01\/JD3-1024x604.jpg\" alt=\"\" width=\"660\" height=\"389\" srcset=\"https:\/\/hgw.bayern\/wp-content\/uploads\/2023\/01\/JD3-1024x604.jpg 1024w, https:\/\/hgw.bayern\/wp-content\/uploads\/2023\/01\/JD3-300x177.jpg 300w, https:\/\/hgw.bayern\/wp-content\/uploads\/2023\/01\/JD3-768x453.jpg 768w, https:\/\/hgw.bayern\/wp-content\/uploads\/2023\/01\/JD3-1536x906.jpg 1536w, https:\/\/hgw.bayern\/wp-content\/uploads\/2023\/01\/JD3.jpg 1606w\" sizes=\"auto, (max-width: 660px) 100vw, 660px\" \/><\/a><\/p>\n<p>Der Schulentscheid der Sekundarstufe II wurde wie immer zu einem gesonderten Termin am 24.1.2023 ausgetragen. Das Thema dieser Finaldebatte f\u00fcr die Jahrgangsstufen 10 und 11 ist ebenfalls hochaktuell: So war in den letzten Wochen die Frage, ob Angriffe auf Kunstwerke h\u00e4rter bestraft werden sollten, in den Medien laufend pr\u00e4sent. Die hohe Qualit\u00e4t der Debatte machte es den JurorInnen schwer, eine Siegerin zu k\u00fcren. Am Ende konnten Sophie Renkl auf Platz 1 (Klasse 10a) und Annika Broll auf Platz 2 (10a), beide Pro-Seite, die Debatte f\u00fcr sich entscheiden. Jasmin Fuhrmann (Klasse 10b) und Julia Lobanow (Q11), die die R\u00e4nge drei und vier belegten, d\u00fcrfen aber ebenso nach Regensburg fahren. Denn alle DebattantInnen der Finaldebatten und die in einer Schulung daf\u00fcr ausgebildeten JurorInnen werden am 15. 2. 2023 am Regionalentscheid in Regensburg teilnehmen und das HGW dort vertreten. Den Siegerinnen und Siegern w\u00fcnschen wir daf\u00fcr viel Erfolg!<\/p>\n<p>Andrea Hingsammer und Martin Reicheneder<\/p>\n<p><a href=\"https:\/\/hgw.bayern\/wp-content\/uploads\/2023\/01\/JD4.jpg\"><img loading=\"lazy\" decoding=\"async\" class=\"alignnone size-large wp-image-16549\" src=\"https:\/\/hgw.bayern\/wp-content\/uploads\/2023\/01\/JD4-1024x574.jpg\" alt=\"\" width=\"660\" height=\"370\" srcset=\"https:\/\/hgw.bayern\/wp-content\/uploads\/2023\/01\/JD4-1024x574.jpg 1024w, https:\/\/hgw.bayern\/wp-content\/uploads\/2023\/01\/JD4-300x168.jpg 300w, https:\/\/hgw.bayern\/wp-content\/uploads\/2023\/01\/JD4-768x431.jpg 768w, https:\/\/hgw.bayern\/wp-content\/uploads\/2023\/01\/JD4-1536x862.jpg 1536w, https:\/\/hgw.bayern\/wp-content\/uploads\/2023\/01\/JD4.jpg 1672w\" sizes=\"auto, (max-width: 660px) 100vw, 660px\" \/><\/a><\/p>\n<p><a href=\"https:\/\/hgw.bayern\/wp-content\/uploads\/2023\/01\/JD1.jpg\"><img loading=\"lazy\" decoding=\"async\" class=\"alignnone size-large wp-image-16547\" src=\"https:\/\/hgw.bayern\/wp-content\/uploads\/2023\/01\/JD1-1024x768.jpg\" alt=\"\" width=\"660\" height=\"495\" srcset=\"https:\/\/hgw.bayern\/wp-content\/uploads\/2023\/01\/JD1-1024x768.jpg 1024w, https:\/\/hgw.bayern\/wp-content\/uploads\/2023\/01\/JD1-300x225.jpg 300w, https:\/\/hgw.bayern\/wp-content\/uploads\/2023\/01\/JD1-768x576.jpg 768w, https:\/\/hgw.bayern\/wp-content\/uploads\/2023\/01\/JD1-1536x1152.jpg 1536w, https:\/\/hgw.bayern\/wp-content\/uploads\/2023\/01\/JD1.jpg 1672w\" sizes=\"auto, (max-width: 660px) 100vw, 660px\" \/><\/a><\/p>\n","protected":false},"excerpt":{"rendered":"<p>Allj\u00e4hrlich um den Jahreswechsel entbrennt in Deutschland die Diskussion, ob privates Silvester-Feuerwerk verboten werden soll. Vor allem nach den letzten beiden Coronajahren, in denen Feuerwerk &hellip;<\/p>\n","protected":false},"author":5,"featured_media":16546,"comment_status":"closed","ping_status":"closed","sticky":false,"template":"","format":"standard","meta":{"footnotes":""},"categories":[22,63,6,3,35],"tags":[],"class_list":["post-16545","post","type-post","status-publish","format-standard","has-post-thumbnail","hentry","category-deutsch","category-schuljahr202223","category-sprachen","category-unterricht","category-wettbewerbe"],"_links":{"self":[{"href":"https:\/\/hgw.bayern\/index.php?rest_route=\/wp\/v2\/posts\/16545","targetHints":{"allow":["GET"]}}],"collection":[{"href":"https:\/\/hgw.bayern\/index.php?rest_route=\/wp\/v2\/posts"}],"about":[{"href":"https:\/\/hgw.bayern\/index.php?rest_route=\/wp\/v2\/types\/post"}],"author":[{"embeddable":true,"href":"https:\/\/hgw.bayern\/index.php?rest_route=\/wp\/v2\/users\/5"}],"replies":[{"embeddable":true,"href":"https:\/\/hgw.bayern\/index.php?rest_route=%2Fwp%2Fv2%2Fcomments&post=16545"}],"version-history":[{"count":4,"href":"https:\/\/hgw.bayern\/index.php?rest_route=\/wp\/v2\/posts\/16545\/revisions"}],"predecessor-version":[{"id":16553,"href":"https:\/\/hgw.bayern\/index.php?rest_route=\/wp\/v2\/posts\/16545\/revisions\/16553"}],"wp:featuredmedia":[{"embeddable":true,"href":"https:\/\/hgw.bayern\/index.php?rest_route=\/wp\/v2\/media\/16546"}],"wp:attachment":[{"href":"https:\/\/hgw.bayern\/index.php?rest_route=%2Fwp%2Fv2%2Fmedia&parent=16545"}],"wp:term":[{"taxonomy":"category","embeddable":true,"href":"https:\/\/hgw.bayern\/index.php?rest_route=%2Fwp%2Fv2%2Fcategories&post=16545"},{"taxonomy":"post_tag","embeddable":true,"href":"https:\/\/hgw.bayern\/index.php?rest_route=%2Fwp%2Fv2%2Ftags&post=16545"}],"curies":[{"name":"wp","href":"https:\/\/api.w.org\/{rel}","templated":true}]}}