{"id":16925,"date":"2023-06-04T16:40:37","date_gmt":"2023-06-04T16:40:37","guid":{"rendered":"https:\/\/hgw.bayern\/?p=16925"},"modified":"2023-06-04T16:40:37","modified_gmt":"2023-06-04T16:40:37","slug":"forscherklassen-an-der-universitaet-regensburg","status":"publish","type":"post","link":"https:\/\/hgw.bayern\/?p=16925","title":{"rendered":"Forscherklassen an der Universit\u00e4t Regensburg"},"content":{"rendered":"<p>Die Forscherklassen 5b und 5c besuchten in diesem Schuljahr die Universit\u00e4t Regensburg.<\/p>\n<p>Hier einige Eindr\u00fccke unserer Sch\u00fclerinnen und Sch\u00fcler:<\/p>\n<p>\u201eIm Physiklabor durften wir mit einem elektrischen Steckbrett arbeiten und verschiedene Schaltungen aufbauen. Der Professor und die Studenten waren sehr freundlich und hilfsbereit.\u201c<\/p>\n<p>\u201eF\u00fcr warmes Essen war in der Mensa gesorgt.\u201c<\/p>\n<p>\u201eIm Chemielabor haben wir mit unterschiedlichen Stoffen eine Flamme bunt gef\u00e4rbt. Nach diesem Experiment mischten wir aus vielen Haushaltsmitteln ein Brandl\u00f6schmittel.\u201c<\/p>\n<p>\u201eAu\u00dferdem durften wir uns am Ende dieses sch\u00f6nen Forschertages von der netten Professorin fl\u00fcssigen Stickstoff \u00fcber die Hand laufen lassen (nat\u00fcrlich nur freiwillig!)\u201c.<\/p>\n<p><a href=\"https:\/\/hgw.bayern\/wp-content\/uploads\/2023\/06\/Forscher-an-der-Uni-1.jpg\"><img loading=\"lazy\" decoding=\"async\" class=\"alignnone size-large wp-image-16926\" src=\"https:\/\/hgw.bayern\/wp-content\/uploads\/2023\/06\/Forscher-an-der-Uni-1-1024x781.jpg\" alt=\"\" width=\"660\" height=\"503\" srcset=\"https:\/\/hgw.bayern\/wp-content\/uploads\/2023\/06\/Forscher-an-der-Uni-1-1024x781.jpg 1024w, https:\/\/hgw.bayern\/wp-content\/uploads\/2023\/06\/Forscher-an-der-Uni-1-300x229.jpg 300w, https:\/\/hgw.bayern\/wp-content\/uploads\/2023\/06\/Forscher-an-der-Uni-1-768x585.jpg 768w, https:\/\/hgw.bayern\/wp-content\/uploads\/2023\/06\/Forscher-an-der-Uni-1.jpg 1132w\" sizes=\"auto, (max-width: 660px) 100vw, 660px\" \/><\/a> <a href=\"https:\/\/hgw.bayern\/wp-content\/uploads\/2023\/06\/Forscher-an-der-Uni-2.jpg\"><img loading=\"lazy\" decoding=\"async\" class=\"alignnone size-large wp-image-16927\" src=\"https:\/\/hgw.bayern\/wp-content\/uploads\/2023\/06\/Forscher-an-der-Uni-2-1024x660.jpg\" alt=\"\" width=\"660\" height=\"425\" srcset=\"https:\/\/hgw.bayern\/wp-content\/uploads\/2023\/06\/Forscher-an-der-Uni-2-1024x660.jpg 1024w, https:\/\/hgw.bayern\/wp-content\/uploads\/2023\/06\/Forscher-an-der-Uni-2-300x193.jpg 300w, https:\/\/hgw.bayern\/wp-content\/uploads\/2023\/06\/Forscher-an-der-Uni-2-768x495.jpg 768w, https:\/\/hgw.bayern\/wp-content\/uploads\/2023\/06\/Forscher-an-der-Uni-2.jpg 1521w\" sizes=\"auto, (max-width: 660px) 100vw, 660px\" \/><\/a> <a href=\"https:\/\/hgw.bayern\/wp-content\/uploads\/2023\/06\/Forscher-an-der-Uni-4.jpg\"><img loading=\"lazy\" decoding=\"async\" class=\"alignnone size-large wp-image-16929\" src=\"https:\/\/hgw.bayern\/wp-content\/uploads\/2023\/06\/Forscher-an-der-Uni-4-1024x715.jpg\" alt=\"\" width=\"660\" height=\"461\" srcset=\"https:\/\/hgw.bayern\/wp-content\/uploads\/2023\/06\/Forscher-an-der-Uni-4-1024x715.jpg 1024w, https:\/\/hgw.bayern\/wp-content\/uploads\/2023\/06\/Forscher-an-der-Uni-4-300x209.jpg 300w, https:\/\/hgw.bayern\/wp-content\/uploads\/2023\/06\/Forscher-an-der-Uni-4-768x536.jpg 768w, https:\/\/hgw.bayern\/wp-content\/uploads\/2023\/06\/Forscher-an-der-Uni-4.jpg 1513w\" sizes=\"auto, (max-width: 660px) 100vw, 660px\" \/><\/a><\/p>\n<p>&nbsp;<\/p>\n","protected":false},"excerpt":{"rendered":"<p>Die Forscherklassen 5b und 5c besuchten in diesem Schuljahr die Universit\u00e4t Regensburg. Hier einige Eindr\u00fccke unserer Sch\u00fclerinnen und Sch\u00fcler: \u201eIm Physiklabor durften wir mit einem &hellip;<\/p>\n","protected":false},"author":5,"featured_media":16928,"comment_status":"closed","ping_status":"closed","sticky":false,"template":"","format":"standard","meta":{"footnotes":""},"categories":[4,63,3],"tags":[],"class_list":["post-16925","post","type-post","status-publish","format-standard","has-post-thumbnail","hentry","category-mint","category-schuljahr202223","category-unterricht"],"_links":{"self":[{"href":"https:\/\/hgw.bayern\/index.php?rest_route=\/wp\/v2\/posts\/16925","targetHints":{"allow":["GET"]}}],"collection":[{"href":"https:\/\/hgw.bayern\/index.php?rest_route=\/wp\/v2\/posts"}],"about":[{"href":"https:\/\/hgw.bayern\/index.php?rest_route=\/wp\/v2\/types\/post"}],"author":[{"embeddable":true,"href":"https:\/\/hgw.bayern\/index.php?rest_route=\/wp\/v2\/users\/5"}],"replies":[{"embeddable":true,"href":"https:\/\/hgw.bayern\/index.php?rest_route=%2Fwp%2Fv2%2Fcomments&post=16925"}],"version-history":[{"count":1,"href":"https:\/\/hgw.bayern\/index.php?rest_route=\/wp\/v2\/posts\/16925\/revisions"}],"predecessor-version":[{"id":16930,"href":"https:\/\/hgw.bayern\/index.php?rest_route=\/wp\/v2\/posts\/16925\/revisions\/16930"}],"wp:featuredmedia":[{"embeddable":true,"href":"https:\/\/hgw.bayern\/index.php?rest_route=\/wp\/v2\/media\/16928"}],"wp:attachment":[{"href":"https:\/\/hgw.bayern\/index.php?rest_route=%2Fwp%2Fv2%2Fmedia&parent=16925"}],"wp:term":[{"taxonomy":"category","embeddable":true,"href":"https:\/\/hgw.bayern\/index.php?rest_route=%2Fwp%2Fv2%2Fcategories&post=16925"},{"taxonomy":"post_tag","embeddable":true,"href":"https:\/\/hgw.bayern\/index.php?rest_route=%2Fwp%2Fv2%2Ftags&post=16925"}],"curies":[{"name":"wp","href":"https:\/\/api.w.org\/{rel}","templated":true}]}}