{"id":17064,"date":"2023-07-21T10:14:50","date_gmt":"2023-07-21T10:14:50","guid":{"rendered":"https:\/\/hgw.bayern\/?p=17064"},"modified":"2023-07-21T10:14:50","modified_gmt":"2023-07-21T10:14:50","slug":"delf-2023","status":"publish","type":"post","link":"https:\/\/hgw.bayern\/?p=17064","title":{"rendered":"DELF 2023"},"content":{"rendered":"<p>Le DELF (<strong>d<\/strong>ipl\u00f4me d\u2019<strong>\u00e9<\/strong>tudes en <strong>l<\/strong>angue <strong>f<\/strong>ran\u00e7aise), was ist das eigentlich?<\/p>\n<p>Es handelt sich hierbei um ein Pr\u00fcfungsformat, das vom franz\u00f6sischen France Education International (FEI) im Auftrag des Franz\u00f6sischen Bildungsministeriums entwickelt wird und den Franz\u00f6sischlernenden aus aller Welt eine schulunabh\u00e4ngige Zertifizierung ihrer Fremdsprachenkenntnisse auf unterschiedlichen Sprachniveaus erm\u00f6glicht. In diesem Schuljahr haben 8 Sch\u00fclerinnen aus den 10. Klassen (Niveau B1) und zwei Sch\u00fclerinnen aus der Q11 (Niveau B2) diese Herausforderung angenommen und erfolgreich gemeistert. Herr Heller und die DELF-Koordinatorinnen Frau Schmid und Frau Thaler haben die vorl\u00e4ufigen DELF-Zertifikate verliehen. Die endg\u00fcltigen (formsch\u00f6nen) Zeugnisse werden erst im Herbst ankommen, aber nat\u00fcrlich darf jetzt schon gefeiert werden. Wir sind stolz auf eure Leistungen! FELICITATIONS!<\/p>\n<p>Fachschaft Franz\u00f6sisch<\/p>\n<p><a href=\"https:\/\/hgw.bayern\/wp-content\/uploads\/2023\/07\/delf1.jpg\"><img loading=\"lazy\" decoding=\"async\" class=\"alignnone size-large wp-image-17066\" src=\"https:\/\/hgw.bayern\/wp-content\/uploads\/2023\/07\/delf1.jpg\" alt=\"\" width=\"660\" height=\"412\" srcset=\"https:\/\/hgw.bayern\/wp-content\/uploads\/2023\/07\/delf1.jpg 985w, https:\/\/hgw.bayern\/wp-content\/uploads\/2023\/07\/delf1-300x187.jpg 300w, https:\/\/hgw.bayern\/wp-content\/uploads\/2023\/07\/delf1-768x480.jpg 768w\" sizes=\"auto, (max-width: 660px) 100vw, 660px\" \/><\/a> <a href=\"https:\/\/hgw.bayern\/wp-content\/uploads\/2023\/07\/delf2.jpg\"><img loading=\"lazy\" decoding=\"async\" class=\"alignnone size-large wp-image-17067\" src=\"https:\/\/hgw.bayern\/wp-content\/uploads\/2023\/07\/delf2-1024x506.jpg\" alt=\"\" width=\"660\" height=\"326\" srcset=\"https:\/\/hgw.bayern\/wp-content\/uploads\/2023\/07\/delf2-1024x506.jpg 1024w, https:\/\/hgw.bayern\/wp-content\/uploads\/2023\/07\/delf2-300x148.jpg 300w, https:\/\/hgw.bayern\/wp-content\/uploads\/2023\/07\/delf2-768x379.jpg 768w, https:\/\/hgw.bayern\/wp-content\/uploads\/2023\/07\/delf2.jpg 1081w\" sizes=\"auto, (max-width: 660px) 100vw, 660px\" \/><\/a><\/p>\n","protected":false},"excerpt":{"rendered":"<p>Le DELF (dipl\u00f4me d\u2019\u00e9tudes en langue fran\u00e7aise), was ist das eigentlich? Es handelt sich hierbei um ein Pr\u00fcfungsformat, das vom franz\u00f6sischen France Education International (FEI) &hellip;<\/p>\n","protected":false},"author":5,"featured_media":17065,"comment_status":"closed","ping_status":"closed","sticky":false,"template":"","format":"standard","meta":{"footnotes":""},"categories":[24,63,6,3],"tags":[],"class_list":["post-17064","post","type-post","status-publish","format-standard","has-post-thumbnail","hentry","category-franzoesisch","category-schuljahr202223","category-sprachen","category-unterricht"],"_links":{"self":[{"href":"https:\/\/hgw.bayern\/index.php?rest_route=\/wp\/v2\/posts\/17064","targetHints":{"allow":["GET"]}}],"collection":[{"href":"https:\/\/hgw.bayern\/index.php?rest_route=\/wp\/v2\/posts"}],"about":[{"href":"https:\/\/hgw.bayern\/index.php?rest_route=\/wp\/v2\/types\/post"}],"author":[{"embeddable":true,"href":"https:\/\/hgw.bayern\/index.php?rest_route=\/wp\/v2\/users\/5"}],"replies":[{"embeddable":true,"href":"https:\/\/hgw.bayern\/index.php?rest_route=%2Fwp%2Fv2%2Fcomments&post=17064"}],"version-history":[{"count":1,"href":"https:\/\/hgw.bayern\/index.php?rest_route=\/wp\/v2\/posts\/17064\/revisions"}],"predecessor-version":[{"id":17068,"href":"https:\/\/hgw.bayern\/index.php?rest_route=\/wp\/v2\/posts\/17064\/revisions\/17068"}],"wp:featuredmedia":[{"embeddable":true,"href":"https:\/\/hgw.bayern\/index.php?rest_route=\/wp\/v2\/media\/17065"}],"wp:attachment":[{"href":"https:\/\/hgw.bayern\/index.php?rest_route=%2Fwp%2Fv2%2Fmedia&parent=17064"}],"wp:term":[{"taxonomy":"category","embeddable":true,"href":"https:\/\/hgw.bayern\/index.php?rest_route=%2Fwp%2Fv2%2Fcategories&post=17064"},{"taxonomy":"post_tag","embeddable":true,"href":"https:\/\/hgw.bayern\/index.php?rest_route=%2Fwp%2Fv2%2Ftags&post=17064"}],"curies":[{"name":"wp","href":"https:\/\/api.w.org\/{rel}","templated":true}]}}