{"id":17100,"date":"2023-07-27T11:34:41","date_gmt":"2023-07-27T11:34:41","guid":{"rendered":"https:\/\/hgw.bayern\/?p=17100"},"modified":"2023-07-31T08:18:29","modified_gmt":"2023-07-31T08:18:29","slug":"kunst-und-musik-und-burg-prunn","status":"publish","type":"post","link":"https:\/\/hgw.bayern\/?p=17100","title":{"rendered":"Kunst und Musik auf der Burg Prunn"},"content":{"rendered":"<p>Projekt- und Exkursionstage der Fachschaften Kunst und Musik<\/p>\n<p>Eintauchen in die Welt des Mittelalters war an zwei erlebnisreichen Tagen f\u00fcr die Sch\u00fclerinnen und Sch\u00fcler der 7. Jahrgangsstufe angesagt. Jeweils mit einem Bus fuhren unsere siebten Klassen ins wundersch\u00f6ne Altm\u00fchltal um dort die weithin sichtbare Burganlage von Prunn zu erkunden. Unter einer sehr sachkundigen F\u00fchrung erfuhren die Sch\u00fcler nochmals vor Ort, was sie im Geschichtsunterricht schon gelernt hatten: Nibelungensaga, Schrift und Sprache, Waffen und Kleidung, Ern\u00e4hrung und Hygiene. Den gr\u00f6\u00dften Spa\u00df allerdings hatten sie, als ihr Lehrer (nicht ganz freiwillig) in eine mittelalterliche R\u00fcstung gesteckt wurde und eine Sch\u00fclerin mit voller Wucht draufschlagen durfte, um zu beweisen, dass diese R\u00fcstung alles abd\u00e4mpft. Da dies nicht der Fall war, verb\u00fcndete sich der Lehrer mit dem ortsans\u00e4ssigem B\u00e4ren zum Gegenschlag&#8230;<\/p>\n<p>An unser Schule schl\u00fcpften die Sch\u00fclerinnen und Sch\u00fcler am Projekttag selbst in mittelalterliche R\u00fcstungen und Garderoben:<\/p>\n<p>Mit Stoffen, Schildern und Scheren mussten sie in Gruppenarbeit ein mittelalterliches Outfit kreieren! Nach anf\u00e4nglichen Z\u00f6gern begannen die Sch\u00fcler immer Ideen- und detailreicher an ihren Kost\u00fcmen bzw. R\u00fcstungen zu arbeiten. Als kr\u00f6nenden Abschluss pr\u00e4sentieren sie zu einem mittelalterlichen Rundtanz, den sie in Musik einstudiert hatten, ihre Kollektionen in der Pausenhalle unter dem tosenden Applaus ihrer Mitsch\u00fcler, der Sekret\u00e4rinnen und unseres Schulleiters Herrn Heller!<\/p>\n<p><a href=\"https:\/\/hgw.bayern\/wp-content\/uploads\/2023\/07\/k8.jpg\"><img loading=\"lazy\" decoding=\"async\" class=\"alignnone size-large wp-image-17102\" src=\"https:\/\/hgw.bayern\/wp-content\/uploads\/2023\/07\/k8-1024x768.jpg\" alt=\"\" width=\"660\" height=\"495\" srcset=\"https:\/\/hgw.bayern\/wp-content\/uploads\/2023\/07\/k8-1024x768.jpg 1024w, https:\/\/hgw.bayern\/wp-content\/uploads\/2023\/07\/k8-300x225.jpg 300w, https:\/\/hgw.bayern\/wp-content\/uploads\/2023\/07\/k8-768x576.jpg 768w, https:\/\/hgw.bayern\/wp-content\/uploads\/2023\/07\/k8.jpg 1331w\" sizes=\"auto, (max-width: 660px) 100vw, 660px\" \/><\/a> <a href=\"https:\/\/hgw.bayern\/wp-content\/uploads\/2023\/07\/k9.jpg\"><img loading=\"lazy\" decoding=\"async\" class=\"alignnone size-large wp-image-17103\" src=\"https:\/\/hgw.bayern\/wp-content\/uploads\/2023\/07\/k9-1024x768.jpg\" alt=\"\" width=\"660\" height=\"495\" srcset=\"https:\/\/hgw.bayern\/wp-content\/uploads\/2023\/07\/k9-1024x768.jpg 1024w, https:\/\/hgw.bayern\/wp-content\/uploads\/2023\/07\/k9-300x225.jpg 300w, https:\/\/hgw.bayern\/wp-content\/uploads\/2023\/07\/k9-768x576.jpg 768w, https:\/\/hgw.bayern\/wp-content\/uploads\/2023\/07\/k9.jpg 1331w\" sizes=\"auto, (max-width: 660px) 100vw, 660px\" \/><\/a> <a href=\"https:\/\/hgw.bayern\/wp-content\/uploads\/2023\/07\/k5.jpg\"><img loading=\"lazy\" decoding=\"async\" class=\"alignnone size-large wp-image-17104\" src=\"https:\/\/hgw.bayern\/wp-content\/uploads\/2023\/07\/k5-1024x576.jpg\" alt=\"\" width=\"660\" height=\"371\" srcset=\"https:\/\/hgw.bayern\/wp-content\/uploads\/2023\/07\/k5-1024x576.jpg 1024w, https:\/\/hgw.bayern\/wp-content\/uploads\/2023\/07\/k5-300x169.jpg 300w, https:\/\/hgw.bayern\/wp-content\/uploads\/2023\/07\/k5-768x432.jpg 768w, https:\/\/hgw.bayern\/wp-content\/uploads\/2023\/07\/k5.jpg 1299w\" sizes=\"auto, (max-width: 660px) 100vw, 660px\" \/><\/a> <a href=\"https:\/\/hgw.bayern\/wp-content\/uploads\/2023\/07\/k1.jpg\"><img loading=\"lazy\" decoding=\"async\" class=\"alignnone size-large wp-image-17105\" src=\"https:\/\/hgw.bayern\/wp-content\/uploads\/2023\/07\/k1-1024x576.jpg\" alt=\"\" width=\"660\" height=\"371\" srcset=\"https:\/\/hgw.bayern\/wp-content\/uploads\/2023\/07\/k1-1024x576.jpg 1024w, https:\/\/hgw.bayern\/wp-content\/uploads\/2023\/07\/k1-300x169.jpg 300w, https:\/\/hgw.bayern\/wp-content\/uploads\/2023\/07\/k1-768x432.jpg 768w, https:\/\/hgw.bayern\/wp-content\/uploads\/2023\/07\/k1.jpg 1299w\" sizes=\"auto, (max-width: 660px) 100vw, 660px\" \/><\/a> <a href=\"https:\/\/hgw.bayern\/wp-content\/uploads\/2023\/07\/k2.jpg\"><img loading=\"lazy\" decoding=\"async\" class=\"alignnone size-large wp-image-17106\" src=\"https:\/\/hgw.bayern\/wp-content\/uploads\/2023\/07\/k2-1024x576.jpg\" alt=\"\" width=\"660\" height=\"371\" srcset=\"https:\/\/hgw.bayern\/wp-content\/uploads\/2023\/07\/k2-1024x576.jpg 1024w, https:\/\/hgw.bayern\/wp-content\/uploads\/2023\/07\/k2-300x169.jpg 300w, https:\/\/hgw.bayern\/wp-content\/uploads\/2023\/07\/k2-768x432.jpg 768w, https:\/\/hgw.bayern\/wp-content\/uploads\/2023\/07\/k2.jpg 1299w\" sizes=\"auto, (max-width: 660px) 100vw, 660px\" \/><\/a> <a href=\"https:\/\/hgw.bayern\/wp-content\/uploads\/2023\/07\/k3.jpg\"><img loading=\"lazy\" decoding=\"async\" class=\"alignnone size-large wp-image-17107\" src=\"https:\/\/hgw.bayern\/wp-content\/uploads\/2023\/07\/k3-1024x576.jpg\" alt=\"\" width=\"660\" height=\"371\" srcset=\"https:\/\/hgw.bayern\/wp-content\/uploads\/2023\/07\/k3-1024x576.jpg 1024w, https:\/\/hgw.bayern\/wp-content\/uploads\/2023\/07\/k3-300x169.jpg 300w, https:\/\/hgw.bayern\/wp-content\/uploads\/2023\/07\/k3-768x432.jpg 768w, https:\/\/hgw.bayern\/wp-content\/uploads\/2023\/07\/k3.jpg 1299w\" sizes=\"auto, (max-width: 660px) 100vw, 660px\" \/><\/a> <a href=\"https:\/\/hgw.bayern\/wp-content\/uploads\/2023\/07\/k4.jpg\"><img loading=\"lazy\" decoding=\"async\" class=\"alignnone size-large wp-image-17108\" src=\"https:\/\/hgw.bayern\/wp-content\/uploads\/2023\/07\/k4-1024x576.jpg\" alt=\"\" width=\"660\" height=\"371\" srcset=\"https:\/\/hgw.bayern\/wp-content\/uploads\/2023\/07\/k4-1024x576.jpg 1024w, https:\/\/hgw.bayern\/wp-content\/uploads\/2023\/07\/k4-300x169.jpg 300w, https:\/\/hgw.bayern\/wp-content\/uploads\/2023\/07\/k4-768x432.jpg 768w, https:\/\/hgw.bayern\/wp-content\/uploads\/2023\/07\/k4.jpg 1299w\" sizes=\"auto, (max-width: 660px) 100vw, 660px\" \/><\/a> <a href=\"https:\/\/hgw.bayern\/wp-content\/uploads\/2023\/07\/k7.jpg\"><img loading=\"lazy\" decoding=\"async\" class=\"alignnone size-large wp-image-17109\" src=\"https:\/\/hgw.bayern\/wp-content\/uploads\/2023\/07\/k7-1024x576.jpg\" alt=\"\" width=\"660\" height=\"371\" srcset=\"https:\/\/hgw.bayern\/wp-content\/uploads\/2023\/07\/k7-1024x576.jpg 1024w, https:\/\/hgw.bayern\/wp-content\/uploads\/2023\/07\/k7-300x169.jpg 300w, https:\/\/hgw.bayern\/wp-content\/uploads\/2023\/07\/k7-768x432.jpg 768w, https:\/\/hgw.bayern\/wp-content\/uploads\/2023\/07\/k7.jpg 1299w\" sizes=\"auto, (max-width: 660px) 100vw, 660px\" \/><\/a> <a href=\"https:\/\/hgw.bayern\/wp-content\/uploads\/2023\/07\/k6.jpg\"><img loading=\"lazy\" decoding=\"async\" class=\"alignnone size-large wp-image-17110\" src=\"https:\/\/hgw.bayern\/wp-content\/uploads\/2023\/07\/k6-1024x576.jpg\" alt=\"\" width=\"660\" height=\"371\" srcset=\"https:\/\/hgw.bayern\/wp-content\/uploads\/2023\/07\/k6-1024x576.jpg 1024w, https:\/\/hgw.bayern\/wp-content\/uploads\/2023\/07\/k6-300x169.jpg 300w, https:\/\/hgw.bayern\/wp-content\/uploads\/2023\/07\/k6-768x432.jpg 768w, https:\/\/hgw.bayern\/wp-content\/uploads\/2023\/07\/k6.jpg 1299w\" sizes=\"auto, (max-width: 660px) 100vw, 660px\" \/><\/a><\/p>\n","protected":false},"excerpt":{"rendered":"<p>Projekt- und Exkursionstage der Fachschaften Kunst und Musik Eintauchen in die Welt des Mittelalters war an zwei erlebnisreichen Tagen f\u00fcr die Sch\u00fclerinnen und Sch\u00fcler der &hellip;<\/p>\n","protected":false},"author":5,"featured_media":17111,"comment_status":"closed","ping_status":"closed","sticky":false,"template":"","format":"standard","meta":{"footnotes":""},"categories":[21,63,3,50],"tags":[],"class_list":["post-17100","post","type-post","status-publish","format-standard","has-post-thumbnail","hentry","category-kunst","category-schuljahr202223","category-unterricht","category-vortraege-und-exkursionen"],"_links":{"self":[{"href":"https:\/\/hgw.bayern\/index.php?rest_route=\/wp\/v2\/posts\/17100","targetHints":{"allow":["GET"]}}],"collection":[{"href":"https:\/\/hgw.bayern\/index.php?rest_route=\/wp\/v2\/posts"}],"about":[{"href":"https:\/\/hgw.bayern\/index.php?rest_route=\/wp\/v2\/types\/post"}],"author":[{"embeddable":true,"href":"https:\/\/hgw.bayern\/index.php?rest_route=\/wp\/v2\/users\/5"}],"replies":[{"embeddable":true,"href":"https:\/\/hgw.bayern\/index.php?rest_route=%2Fwp%2Fv2%2Fcomments&post=17100"}],"version-history":[{"count":4,"href":"https:\/\/hgw.bayern\/index.php?rest_route=\/wp\/v2\/posts\/17100\/revisions"}],"predecessor-version":[{"id":17116,"href":"https:\/\/hgw.bayern\/index.php?rest_route=\/wp\/v2\/posts\/17100\/revisions\/17116"}],"wp:featuredmedia":[{"embeddable":true,"href":"https:\/\/hgw.bayern\/index.php?rest_route=\/wp\/v2\/media\/17111"}],"wp:attachment":[{"href":"https:\/\/hgw.bayern\/index.php?rest_route=%2Fwp%2Fv2%2Fmedia&parent=17100"}],"wp:term":[{"taxonomy":"category","embeddable":true,"href":"https:\/\/hgw.bayern\/index.php?rest_route=%2Fwp%2Fv2%2Fcategories&post=17100"},{"taxonomy":"post_tag","embeddable":true,"href":"https:\/\/hgw.bayern\/index.php?rest_route=%2Fwp%2Fv2%2Ftags&post=17100"}],"curies":[{"name":"wp","href":"https:\/\/api.w.org\/{rel}","templated":true}]}}