{"id":17514,"date":"2024-01-15T07:44:50","date_gmt":"2024-01-15T07:44:50","guid":{"rendered":"https:\/\/hgw.bayern\/?p=17514"},"modified":"2024-01-15T07:44:50","modified_gmt":"2024-01-15T07:44:50","slug":"wien-eine-musikalische-staedtereise-2","status":"publish","type":"post","link":"https:\/\/hgw.bayern\/?p=17514","title":{"rendered":"\u201eWien &#8211; eine musikalische St\u00e4dtereise\u201c"},"content":{"rendered":"<p><strong>Abendveranstaltung vom P-Seminar &#8222;Wienfahrt&#8220; mit dem Leitfach &#8222;Musik&#8220;<br \/>\n<\/strong><\/p>\n<p>Die Abschlusspr\u00e4sentation unseres P-Seminars \u00fcber die Wien-Fahrt war informativ, aber auch mit lustigen Momenten ausgeschm\u00fcckt. Wir tauchten wieder in die kulturelle Vielfalt der \u00f6sterreichischen Hauptstadt ein, in der wir eine Woche waren. Unsere Pr\u00e4sentation reflektierte nicht nur die touristischen Aspekte, sondern betonte auch die Bedeutung des kulturellen Austausches und die historische Tiefe, die Wien zu bieten hat.<\/p>\n<p>Da wir den Besuchern einen m\u00f6glichst guten Einblick in unsere Wienexkursion geben wollten, f\u00fchrten wir ein musikalisches St\u00fcck vor, welches wir in der Operette in Wien h\u00f6ren durften. Dazu benutzten wir allerdings keine klassischen Instrumente sondern moderne &#8222;Boomhackers&#8220; &#8211; bunte Plastikrohre mit unterschiedlicher L\u00e4nge, die unterschiedliche T\u00f6ne erzeugen!<\/p>\n<p>Unsere Reise war nicht nur ein Erlebnis, sondern auch eine Reise durch die Geschichte und Vielfalt dieser faszinierenden Stadt. Begleitet wurden wir bei dieser Reise von unseren fachkundigen Musiklehrern Fr. Slesiona und Hrn. Sandt, denen unserer besonderer Dank gilt!<\/p>\n<p>F\u00fcr die Besucher der Abendveranstaltung gab es \u00f6sterreichische Snacks, wie zum Beispiel Sachertorte, Wiener Schnitzel, Wiener W\u00fcrstel &#8211; dieser Spezialit\u00e4ten durften wir selbst in Wien kosten.<\/p>\n<p>Luna Kaiser<\/p>\n<p><a href=\"https:\/\/hgw.bayern\/wp-content\/uploads\/2024\/01\/wien2.jpeg\"><img loading=\"lazy\" decoding=\"async\" class=\"alignnone size-large wp-image-17515\" src=\"https:\/\/hgw.bayern\/wp-content\/uploads\/2024\/01\/wien2-1024x410.jpeg\" alt=\"\" width=\"660\" height=\"264\" srcset=\"https:\/\/hgw.bayern\/wp-content\/uploads\/2024\/01\/wien2-1024x410.jpeg 1024w, https:\/\/hgw.bayern\/wp-content\/uploads\/2024\/01\/wien2-300x120.jpeg 300w, https:\/\/hgw.bayern\/wp-content\/uploads\/2024\/01\/wien2-768x308.jpeg 768w, https:\/\/hgw.bayern\/wp-content\/uploads\/2024\/01\/wien2.jpeg 1470w\" sizes=\"auto, (max-width: 660px) 100vw, 660px\" \/><\/a> <a href=\"https:\/\/hgw.bayern\/wp-content\/uploads\/2024\/01\/wien3.jpeg\"><img loading=\"lazy\" decoding=\"async\" class=\"alignnone size-large wp-image-17516\" src=\"https:\/\/hgw.bayern\/wp-content\/uploads\/2024\/01\/wien3-1024x440.jpeg\" alt=\"\" width=\"660\" height=\"284\" srcset=\"https:\/\/hgw.bayern\/wp-content\/uploads\/2024\/01\/wien3-1024x440.jpeg 1024w, https:\/\/hgw.bayern\/wp-content\/uploads\/2024\/01\/wien3-300x129.jpeg 300w, https:\/\/hgw.bayern\/wp-content\/uploads\/2024\/01\/wien3-768x330.jpeg 768w, https:\/\/hgw.bayern\/wp-content\/uploads\/2024\/01\/wien3.jpeg 1290w\" sizes=\"auto, (max-width: 660px) 100vw, 660px\" \/><\/a><\/p>\n","protected":false},"excerpt":{"rendered":"<p>Abendveranstaltung vom P-Seminar &#8222;Wienfahrt&#8220; mit dem Leitfach &#8222;Musik&#8220; Die Abschlusspr\u00e4sentation unseres P-Seminars \u00fcber die Wien-Fahrt war informativ, aber auch mit lustigen Momenten ausgeschm\u00fcckt. Wir tauchten &hellip;<\/p>\n","protected":false},"author":5,"featured_media":17517,"comment_status":"closed","ping_status":"closed","sticky":false,"template":"","format":"standard","meta":{"footnotes":""},"categories":[17,65,44,3,50],"tags":[],"class_list":["post-17514","post","type-post","status-publish","format-standard","has-post-thumbnail","hentry","category-musik","category-schuljahr2023-24","category-seminare","category-unterricht","category-vortraege-und-exkursionen"],"_links":{"self":[{"href":"https:\/\/hgw.bayern\/index.php?rest_route=\/wp\/v2\/posts\/17514","targetHints":{"allow":["GET"]}}],"collection":[{"href":"https:\/\/hgw.bayern\/index.php?rest_route=\/wp\/v2\/posts"}],"about":[{"href":"https:\/\/hgw.bayern\/index.php?rest_route=\/wp\/v2\/types\/post"}],"author":[{"embeddable":true,"href":"https:\/\/hgw.bayern\/index.php?rest_route=\/wp\/v2\/users\/5"}],"replies":[{"embeddable":true,"href":"https:\/\/hgw.bayern\/index.php?rest_route=%2Fwp%2Fv2%2Fcomments&post=17514"}],"version-history":[{"count":1,"href":"https:\/\/hgw.bayern\/index.php?rest_route=\/wp\/v2\/posts\/17514\/revisions"}],"predecessor-version":[{"id":17518,"href":"https:\/\/hgw.bayern\/index.php?rest_route=\/wp\/v2\/posts\/17514\/revisions\/17518"}],"wp:featuredmedia":[{"embeddable":true,"href":"https:\/\/hgw.bayern\/index.php?rest_route=\/wp\/v2\/media\/17517"}],"wp:attachment":[{"href":"https:\/\/hgw.bayern\/index.php?rest_route=%2Fwp%2Fv2%2Fmedia&parent=17514"}],"wp:term":[{"taxonomy":"category","embeddable":true,"href":"https:\/\/hgw.bayern\/index.php?rest_route=%2Fwp%2Fv2%2Fcategories&post=17514"},{"taxonomy":"post_tag","embeddable":true,"href":"https:\/\/hgw.bayern\/index.php?rest_route=%2Fwp%2Fv2%2Ftags&post=17514"}],"curies":[{"name":"wp","href":"https:\/\/api.w.org\/{rel}","templated":true}]}}