{"id":17889,"date":"2024-04-30T07:36:04","date_gmt":"2024-04-30T07:36:04","guid":{"rendered":"https:\/\/hgw.bayern\/?p=17889"},"modified":"2024-04-30T07:36:44","modified_gmt":"2024-04-30T07:36:44","slug":"unterricht-unter-freiem-himmel-hgw-bekommt-gruenes-klassenzimmer","status":"publish","type":"post","link":"https:\/\/hgw.bayern\/?p=17889","title":{"rendered":"Unterricht unter freiem Himmel \u2013 HGW bekommt Gr\u00fcnes Klassenzimmer"},"content":{"rendered":"<p>Schon seit Jahren w\u00fcnscht sich die Schulfamilie am HGW ein gr\u00fcnes Klassenzimmer, doch immer gab es Probleme bei der Umsetzung, so fiel der letzte Versuch vor mittlerweile etwa 17 Jahren dem Anbau zum Opfer. Doch nun ist es endlich soweit: Auf Initiative unseres Schulleiters hat der F\u00f6rderkreis des HGW unter den schattigen B\u00e4umen des HGW-Miniwalds eine Lernoase geschaffen, die im n\u00e4heren Umkreis vermutlich ihresgleichen sucht.<\/p>\n<p>Mit gro\u00dfen Natursteinbl\u00f6cken wurde von Gartenbauer Mike Wenger aus Scheyern ein Oval geformt, in dessen Zentrum &#8211; einem antiken Ambo gleich &#8211; das \u201eLehrerpult\u201c steht. Assoziationen an fr\u00fchsteinzeitliche Kultst\u00e4tten sind nicht von der Hand zu weisen. Gut 7000 Euro hat sich der F\u00f6rderkreis dieses Gr\u00fcne Klassenzimmer, das nunmehr als Unterrichtsraum gebucht und genutzt werden kann, kosten lassen. Um die \u201eKultst\u00e4tte\u201c Gr\u00fcKla zu erreichen, brauchte es aber noch eine neuzeitliche Stahlkonstruktion in Form einer langgezogenen Treppe, die von Achim Gl\u00fcck, dem \u00f6rtlichen Kunst- und Bauschlosser, geplant und gebaut wurde.<\/p>\n<p>Da auch die schuleigene Imkerei bzw. die schuleigenen Bienenst\u00f6cke ihren Standort in der N\u00e4he des Gr\u00fcKla hat, entschloss man sich bei der Treppe zu einer Kooperation: Die Lehrerinnen Regina Ball und Lisa Hainzlmaier sammelten mit ihrem P-Seminar \u201ePlace to Bee\u201c Sponsorengelder in H\u00f6he von gut 6000 Euro und teilten sich somit mit dem F\u00f6rderkreis des HGW die Gesamtkosten f\u00fcr die Treppe. F\u00fcr den F\u00f6rderkreis des HGW sind das Gr\u00fcKla und die geteilten Kosten f\u00fcr die Treppe in Summe die zweitgr\u00f6\u00dfte Investition, seit sich der F\u00f6rderkreis vor \u00fcber 30 Jahren bildete. Nur beim Steinway-Fl\u00fcgel wurde im Oktober 1998 mehr Geld in die Hand genommen! Hinzu kommt, dass der F\u00f6rderkreis erst im Juli 23 eine TT-Platte f\u00fcr 2200 Euro finanziert hatte.<\/p>\n<p>Die Schulgemeinschaft m\u00f6chte sich ganz herzlich bei allen Sponsoren der Treppe f\u00fcr die finanzielle Unterst\u00fctzung bedanken sowie bei den beteiligten Firmen f\u00fcr die fachgerechte und sehr ansprechende Umsetzung des Projektes! Last but not least geht unser Dank nat\u00fcrlich an den F\u00f6rderkreis der Schule, bei dem man \u00fcbrigens auch Mitglied werden kann!<\/p>\n<p>Wer Projekte unterst\u00fctzen m\u00f6chte, die unseren Sch\u00fclerinnen und Sch\u00fclern zu Gute kommen, ist im F\u00f6rderkreis des HGW bestens aufgehoben!<\/p>\n<p><a href=\"https:\/\/hgw.bayern\/wp-content\/uploads\/2024\/04\/gr4.jpg\"><img loading=\"lazy\" decoding=\"async\" class=\"alignnone size-large wp-image-17890\" src=\"https:\/\/hgw.bayern\/wp-content\/uploads\/2024\/04\/gr4-1024x654.jpg\" alt=\"\" width=\"660\" height=\"422\" srcset=\"https:\/\/hgw.bayern\/wp-content\/uploads\/2024\/04\/gr4-1024x654.jpg 1024w, https:\/\/hgw.bayern\/wp-content\/uploads\/2024\/04\/gr4-300x192.jpg 300w, https:\/\/hgw.bayern\/wp-content\/uploads\/2024\/04\/gr4-768x490.jpg 768w, https:\/\/hgw.bayern\/wp-content\/uploads\/2024\/04\/gr4-1536x981.jpg 1536w, https:\/\/hgw.bayern\/wp-content\/uploads\/2024\/04\/gr4-2048x1308.jpg 2048w\" sizes=\"auto, (max-width: 660px) 100vw, 660px\" \/><\/a> <a href=\"https:\/\/hgw.bayern\/wp-content\/uploads\/2024\/04\/gr1.jpg\"><img loading=\"lazy\" decoding=\"async\" class=\"alignnone size-large wp-image-17891\" src=\"https:\/\/hgw.bayern\/wp-content\/uploads\/2024\/04\/gr1-1024x687.jpg\" alt=\"\" width=\"660\" height=\"443\" srcset=\"https:\/\/hgw.bayern\/wp-content\/uploads\/2024\/04\/gr1-1024x687.jpg 1024w, https:\/\/hgw.bayern\/wp-content\/uploads\/2024\/04\/gr1-300x201.jpg 300w, https:\/\/hgw.bayern\/wp-content\/uploads\/2024\/04\/gr1-768x515.jpg 768w, https:\/\/hgw.bayern\/wp-content\/uploads\/2024\/04\/gr1-1536x1031.jpg 1536w, https:\/\/hgw.bayern\/wp-content\/uploads\/2024\/04\/gr1.jpg 1834w\" sizes=\"auto, (max-width: 660px) 100vw, 660px\" \/><\/a> <a href=\"https:\/\/hgw.bayern\/wp-content\/uploads\/2024\/04\/gr3.jpg\"><img loading=\"lazy\" decoding=\"async\" class=\"alignnone size-large wp-image-17893\" src=\"https:\/\/hgw.bayern\/wp-content\/uploads\/2024\/04\/gr3-1024x768.jpg\" alt=\"\" width=\"660\" height=\"495\" srcset=\"https:\/\/hgw.bayern\/wp-content\/uploads\/2024\/04\/gr3-1024x768.jpg 1024w, https:\/\/hgw.bayern\/wp-content\/uploads\/2024\/04\/gr3-300x225.jpg 300w, https:\/\/hgw.bayern\/wp-content\/uploads\/2024\/04\/gr3-768x576.jpg 768w, https:\/\/hgw.bayern\/wp-content\/uploads\/2024\/04\/gr3.jpg 1331w\" sizes=\"auto, (max-width: 660px) 100vw, 660px\" \/><\/a><\/p>\n","protected":false},"excerpt":{"rendered":"<p>Schon seit Jahren w\u00fcnscht sich die Schulfamilie am HGW ein gr\u00fcnes Klassenzimmer, doch immer gab es Probleme bei der Umsetzung, so fiel der letzte Versuch &hellip;<\/p>\n","protected":false},"author":5,"featured_media":17892,"comment_status":"closed","ping_status":"closed","sticky":false,"template":"","format":"standard","meta":{"footnotes":""},"categories":[39,32,65,36,3],"tags":[],"class_list":["post-17889","post","type-post","status-publish","format-standard","has-post-thumbnail","hentry","category-das-gehoert-zum-hgw","category-foerderkreis","category-schuljahr2023-24","category-schulleitung","category-unterricht"],"_links":{"self":[{"href":"https:\/\/hgw.bayern\/index.php?rest_route=\/wp\/v2\/posts\/17889","targetHints":{"allow":["GET"]}}],"collection":[{"href":"https:\/\/hgw.bayern\/index.php?rest_route=\/wp\/v2\/posts"}],"about":[{"href":"https:\/\/hgw.bayern\/index.php?rest_route=\/wp\/v2\/types\/post"}],"author":[{"embeddable":true,"href":"https:\/\/hgw.bayern\/index.php?rest_route=\/wp\/v2\/users\/5"}],"replies":[{"embeddable":true,"href":"https:\/\/hgw.bayern\/index.php?rest_route=%2Fwp%2Fv2%2Fcomments&post=17889"}],"version-history":[{"count":2,"href":"https:\/\/hgw.bayern\/index.php?rest_route=\/wp\/v2\/posts\/17889\/revisions"}],"predecessor-version":[{"id":17895,"href":"https:\/\/hgw.bayern\/index.php?rest_route=\/wp\/v2\/posts\/17889\/revisions\/17895"}],"wp:featuredmedia":[{"embeddable":true,"href":"https:\/\/hgw.bayern\/index.php?rest_route=\/wp\/v2\/media\/17892"}],"wp:attachment":[{"href":"https:\/\/hgw.bayern\/index.php?rest_route=%2Fwp%2Fv2%2Fmedia&parent=17889"}],"wp:term":[{"taxonomy":"category","embeddable":true,"href":"https:\/\/hgw.bayern\/index.php?rest_route=%2Fwp%2Fv2%2Fcategories&post=17889"},{"taxonomy":"post_tag","embeddable":true,"href":"https:\/\/hgw.bayern\/index.php?rest_route=%2Fwp%2Fv2%2Ftags&post=17889"}],"curies":[{"name":"wp","href":"https:\/\/api.w.org\/{rel}","templated":true}]}}