{"id":18869,"date":"2025-02-27T14:53:56","date_gmt":"2025-02-27T14:53:56","guid":{"rendered":"https:\/\/hgw.bayern\/?p=18869"},"modified":"2025-02-27T14:53:56","modified_gmt":"2025-02-27T14:53:56","slug":"demokratie-braucht-beteiligung","status":"publish","type":"post","link":"https:\/\/hgw.bayern\/?p=18869","title":{"rendered":"Demokratie braucht Beteiligung!"},"content":{"rendered":"<p>Am Sonntag, den 23. Februar fand nach einem kurzen Wahlkampf die vorgezogene Bundestagswahl statt. Dabei zeigt schon die hohe Wahlbeteiligung, dass vielen Menschen die Zukunft Deutschlands am Herzen liegt. Wie auch zwei Sch\u00fclerinnen der zw\u00f6lften Jahrgangsstufe, die sich deshalb im Zuge der Wahl am HGW f\u00fcr Demokratie einsetzten und dazu verschiedene Plakate gestalteten.<\/p>\n<p><a href=\"https:\/\/hgw.bayern\/wp-content\/uploads\/2025\/02\/Transparent-scaled.jpeg\"><img loading=\"lazy\" decoding=\"async\" class=\"alignnone size-large wp-image-18870\" src=\"https:\/\/hgw.bayern\/wp-content\/uploads\/2025\/02\/Transparent-888x1024.jpeg\" alt=\"\" width=\"660\" height=\"761\" srcset=\"https:\/\/hgw.bayern\/wp-content\/uploads\/2025\/02\/Transparent-888x1024.jpeg 888w, https:\/\/hgw.bayern\/wp-content\/uploads\/2025\/02\/Transparent-260x300.jpeg 260w, https:\/\/hgw.bayern\/wp-content\/uploads\/2025\/02\/Transparent-768x885.jpeg 768w, https:\/\/hgw.bayern\/wp-content\/uploads\/2025\/02\/Transparent-1332x1536.jpeg 1332w, https:\/\/hgw.bayern\/wp-content\/uploads\/2025\/02\/Transparent-1776x2048.jpeg 1776w\" sizes=\"auto, (max-width: 660px) 100vw, 660px\" \/><\/a><\/p>\n<p>Das Erste, was auf die Beine gestellt wurde, war ein riesiges Transparent das von der Br\u00fccke zur Bibliothek herunterh\u00e4ngt, sodass jeder in der Pausenhalle die Botschaft gut lesen kann: <strong>\u201eZu Risiken und Nebenwirkungen von Rechtspopulismus lesen Sie ein Geschichtsbuch oder fragen sie ihre Gro\u00dfeltern.\u201c<\/strong><\/p>\n<p>Zu ihrem Plakat sagt Jasmin Fuhrmann:<\/p>\n<p><em>\u201eThematisch h\u00e4tte es nicht besser passen k\u00f6nnen, als wir im Leistungsfach Geschichte in einer der letzten Stunden die Wahlergebnisse der Reichstagswahl von 1930 begutachtet haben. Sich mit unserer Geschichte auseinanderzusetzen ist das wichtigste Gut, um zu erkennen, welches Privileg es f\u00fcr uns heute ist, in einer Demokratie zu leben. In einer Demokratie, in welcher Freiheit, Gleichheit, Volkssouver\u00e4nit\u00e4t und Menschenrechte als selbstverst\u00e4ndlich angesehen werden. Wir d\u00fcrfen jedoch niemals vergessen, dass es dabei unsere Aufgabe ist, diese Rechte zu sch\u00fctzen und f\u00fcr demokratische Werte weiterhin einzustehen.<\/em><\/p>\n<p><em>Das kann jede und jeder einzelne von uns. Und deshalb m\u00f6chte auch ich meinen Beitrag zu #niewiederistjetzt leisten. Denn die Demokratie ist der Schl\u00fcssel zu einem freien und sicheren Leben, welches wir auch in unserer Zukunft noch leben m\u00f6chten.\u201c<\/em><\/p>\n<p><a href=\"https:\/\/hgw.bayern\/wp-content\/uploads\/2025\/02\/DemokratieTXT.jpeg\"><img loading=\"lazy\" decoding=\"async\" class=\"alignnone size-large wp-image-18872\" src=\"https:\/\/hgw.bayern\/wp-content\/uploads\/2025\/02\/DemokratieTXT-768x1024.jpeg\" alt=\"\" width=\"660\" height=\"880\" srcset=\"https:\/\/hgw.bayern\/wp-content\/uploads\/2025\/02\/DemokratieTXT-768x1024.jpeg 768w, https:\/\/hgw.bayern\/wp-content\/uploads\/2025\/02\/DemokratieTXT-225x300.jpeg 225w, https:\/\/hgw.bayern\/wp-content\/uploads\/2025\/02\/DemokratieTXT-1152x1536.jpeg 1152w, https:\/\/hgw.bayern\/wp-content\/uploads\/2025\/02\/DemokratieTXT.jpeg 1500w\" sizes=\"auto, (max-width: 660px) 100vw, 660px\" \/><\/a><\/p>\n<p>Die zweite Plakataktion hat ihren Ursprung auf dem Instagramaccount der SMV: Vor ein paar Wochen wurden den Followern in der Story die Fragen gestellt, warum man demokratisch w\u00e4hlen sollte, warum Vielfalt wichtig ist und warum man deshalb Courage zeigen soll. Die Antworten wurden im Nachhinein zu Wordclouds zusammengef\u00fchrt, die im Schulhaus ausgeh\u00e4ngt wurden. <strong>\u201eDemokratie ist die Grundlage f\u00fcr politische Mitbestimmung, Gleichberechtigung und Respekt. Nur wenn das gew\u00e4hrleistet ist, kann sich jede und jeder in einer Gesellschaft wohlf\u00fchlen und sie mitgestalten, wie es viele durch ihre Stimme bei der Bundestagswahl gemacht haben. Deshalb setze ich mich auch in der Schule f\u00fcr Demokratie ein, dass sie in Deutschland f\u00fcr immer erhalten bleibt\u201c,<\/strong> so Lena Meyer, die diese Plakate gestaltet hat.<\/p>\n<p>Wer sich selbst auch f\u00fcr Demokratie einsetzen m\u00f6chte, kann noch bis 14. M\u00e4rz an einem Plakatwettbewerb teilnehmen, der derzeit von der SMV organisiert wird:<\/p>\n<p><a href=\"https:\/\/hgw.bayern\/wp-content\/uploads\/2025\/02\/Plakate_Demokratie.jpeg\"><img loading=\"lazy\" decoding=\"async\" class=\"alignnone size-large wp-image-18871\" src=\"https:\/\/hgw.bayern\/wp-content\/uploads\/2025\/02\/Plakate_Demokratie-791x1024.jpeg\" alt=\"\" width=\"660\" height=\"854\" srcset=\"https:\/\/hgw.bayern\/wp-content\/uploads\/2025\/02\/Plakate_Demokratie-791x1024.jpeg 791w, https:\/\/hgw.bayern\/wp-content\/uploads\/2025\/02\/Plakate_Demokratie-232x300.jpeg 232w, https:\/\/hgw.bayern\/wp-content\/uploads\/2025\/02\/Plakate_Demokratie-768x994.jpeg 768w, https:\/\/hgw.bayern\/wp-content\/uploads\/2025\/02\/Plakate_Demokratie-1187x1536.jpeg 1187w, https:\/\/hgw.bayern\/wp-content\/uploads\/2025\/02\/Plakate_Demokratie.jpeg 1236w\" sizes=\"auto, (max-width: 660px) 100vw, 660px\" \/><\/a><\/p>\n<p>&nbsp;<\/p>\n<p>&nbsp;<\/p>\n","protected":false},"excerpt":{"rendered":"<p>Am Sonntag, den 23. Februar fand nach einem kurzen Wahlkampf die vorgezogene Bundestagswahl statt. Dabei zeigt schon die hohe Wahlbeteiligung, dass vielen Menschen die Zukunft &hellip;<\/p>\n","protected":false},"author":5,"featured_media":18873,"comment_status":"closed","ping_status":"closed","sticky":false,"template":"","format":"standard","meta":{"footnotes":""},"categories":[39,66,34],"tags":[],"class_list":["post-18869","post","type-post","status-publish","format-standard","has-post-thumbnail","hentry","category-das-gehoert-zum-hgw","category-schuljahr2024-25","category-smv"],"_links":{"self":[{"href":"https:\/\/hgw.bayern\/index.php?rest_route=\/wp\/v2\/posts\/18869","targetHints":{"allow":["GET"]}}],"collection":[{"href":"https:\/\/hgw.bayern\/index.php?rest_route=\/wp\/v2\/posts"}],"about":[{"href":"https:\/\/hgw.bayern\/index.php?rest_route=\/wp\/v2\/types\/post"}],"author":[{"embeddable":true,"href":"https:\/\/hgw.bayern\/index.php?rest_route=\/wp\/v2\/users\/5"}],"replies":[{"embeddable":true,"href":"https:\/\/hgw.bayern\/index.php?rest_route=%2Fwp%2Fv2%2Fcomments&post=18869"}],"version-history":[{"count":1,"href":"https:\/\/hgw.bayern\/index.php?rest_route=\/wp\/v2\/posts\/18869\/revisions"}],"predecessor-version":[{"id":18874,"href":"https:\/\/hgw.bayern\/index.php?rest_route=\/wp\/v2\/posts\/18869\/revisions\/18874"}],"wp:featuredmedia":[{"embeddable":true,"href":"https:\/\/hgw.bayern\/index.php?rest_route=\/wp\/v2\/media\/18873"}],"wp:attachment":[{"href":"https:\/\/hgw.bayern\/index.php?rest_route=%2Fwp%2Fv2%2Fmedia&parent=18869"}],"wp:term":[{"taxonomy":"category","embeddable":true,"href":"https:\/\/hgw.bayern\/index.php?rest_route=%2Fwp%2Fv2%2Fcategories&post=18869"},{"taxonomy":"post_tag","embeddable":true,"href":"https:\/\/hgw.bayern\/index.php?rest_route=%2Fwp%2Fv2%2Ftags&post=18869"}],"curies":[{"name":"wp","href":"https:\/\/api.w.org\/{rel}","templated":true}]}}