{"id":19137,"date":"2025-06-09T16:27:42","date_gmt":"2025-06-09T16:27:42","guid":{"rendered":"https:\/\/hgw.bayern\/?p=19137"},"modified":"2025-06-09T16:27:42","modified_gmt":"2025-06-09T16:27:42","slug":"cead-mile-failte-a-thousand-welcomes-sprachreise-der-9-klassen-nach-irland","status":"publish","type":"post","link":"https:\/\/hgw.bayern\/?p=19137","title":{"rendered":"C\u00e9ad M\u00edle F\u00e1ilte\u201c (= A thousand welcomes!) &#8211; Sprachreise der 9. Klassen nach Irland"},"content":{"rendered":"<p>Am Mittwoch, den 21.05.2025, war es endlich soweit: 29 Neuntkl\u00e4ssler inklusive Herr Lohr und Frau Meister machten sich f\u00fcr sechs Tage auf den Weg nach Irland. Morgens ging es am HGW um 8.30 Uhr mit dem Bus Richtung Flughafen MUC. Die Aufregung hing trotz M\u00fcdigkeit schon in der Luft und wir konnten es alle nicht erwarten.<\/p>\n<p><a href=\"https:\/\/hgw.bayern\/wp-content\/uploads\/2025\/06\/i2DublinAirport.jpg\"><img loading=\"lazy\" decoding=\"async\" class=\"alignnone size-large wp-image-19138\" src=\"https:\/\/hgw.bayern\/wp-content\/uploads\/2025\/06\/i2DublinAirport-1024x506.jpg\" alt=\"\" width=\"660\" height=\"326\" srcset=\"https:\/\/hgw.bayern\/wp-content\/uploads\/2025\/06\/i2DublinAirport-1024x506.jpg 1024w, https:\/\/hgw.bayern\/wp-content\/uploads\/2025\/06\/i2DublinAirport-300x148.jpg 300w, https:\/\/hgw.bayern\/wp-content\/uploads\/2025\/06\/i2DublinAirport-768x379.jpg 768w, https:\/\/hgw.bayern\/wp-content\/uploads\/2025\/06\/i2DublinAirport-1536x759.jpg 1536w, https:\/\/hgw.bayern\/wp-content\/uploads\/2025\/06\/i2DublinAirport.jpg 2004w\" sizes=\"auto, (max-width: 660px) 100vw, 660px\" \/><\/a><\/p>\n<p>Nach einigen Sprengstoff\u00fcberpr\u00fcfungen, dem tragischen Verlust einer Schere an der Handgep\u00e4ckkontrolle und ein paar Last-minute Gastgeschenken sa\u00dfen wir dann endlich im Flugzeug. Die zwei Stunden Flug verliefen reibungslos, manch einer bewunderte die Wolkendecke von oben, bevor wir schlie\u00dflich in Dublin landeten. Was uns dort erwartete? Eine \u00fcberraschende \u201eheat wave\u201c &#8211; Sonne, Hitze und ein Bus ohne Klimaanlage &#8211; und wir alle nat\u00fcrlich viel zu warm angezogen.<\/p>\n<p><a href=\"https:\/\/hgw.bayern\/wp-content\/uploads\/2025\/06\/i9IrishSheeps.jpg\"><img loading=\"lazy\" decoding=\"async\" class=\"alignnone size-large wp-image-19139\" src=\"https:\/\/hgw.bayern\/wp-content\/uploads\/2025\/06\/i9IrishSheeps-1024x461.jpg\" alt=\"\" width=\"660\" height=\"297\" srcset=\"https:\/\/hgw.bayern\/wp-content\/uploads\/2025\/06\/i9IrishSheeps-1024x461.jpg 1024w, https:\/\/hgw.bayern\/wp-content\/uploads\/2025\/06\/i9IrishSheeps-300x135.jpg 300w, https:\/\/hgw.bayern\/wp-content\/uploads\/2025\/06\/i9IrishSheeps-768x346.jpg 768w, https:\/\/hgw.bayern\/wp-content\/uploads\/2025\/06\/i9IrishSheeps-1536x691.jpg 1536w, https:\/\/hgw.bayern\/wp-content\/uploads\/2025\/06\/i9IrishSheeps-2048x922.jpg 2048w\" sizes=\"auto, (max-width: 660px) 100vw, 660px\" \/><\/a><\/p>\n<p>Nach gut einer halben Stunde Fahrt hatten wir uns aber weitgehend daran gew\u00f6hnt und beobachteten die sehr gr\u00fcne und mit Schafen best\u00fcckte Landschaft, typisch Irland. Unser Weg f\u00fchrte uns kurz auch durch Nordirland, wo wir an einer verlassenen Tankstelle einen kurzen unfreiwilligen Stopp einliegen mussten. Eine Viertelstunde sp\u00e4ter ging es dann weiter nach Surfer\u00b4s Bay in Bundoran, Donegal County, Ulster, Republic of Ireland, dem Haus, in dem wir t\u00e4glich unser Mittagessen einnehmen w\u00fcrden.<\/p>\n<p><a href=\"https:\/\/hgw.bayern\/wp-content\/uploads\/2025\/06\/i11BundoranBeach2.jpg\"><img loading=\"lazy\" decoding=\"async\" class=\"alignnone size-large wp-image-19140\" src=\"https:\/\/hgw.bayern\/wp-content\/uploads\/2025\/06\/i11BundoranBeach2-1024x576.jpg\" alt=\"\" width=\"660\" height=\"371\" srcset=\"https:\/\/hgw.bayern\/wp-content\/uploads\/2025\/06\/i11BundoranBeach2-1024x576.jpg 1024w, https:\/\/hgw.bayern\/wp-content\/uploads\/2025\/06\/i11BundoranBeach2-300x169.jpg 300w, https:\/\/hgw.bayern\/wp-content\/uploads\/2025\/06\/i11BundoranBeach2-768x432.jpg 768w, https:\/\/hgw.bayern\/wp-content\/uploads\/2025\/06\/i11BundoranBeach2.jpg 1056w\" sizes=\"auto, (max-width: 660px) 100vw, 660px\" \/><\/a><\/p>\n<p>Dort angelangt versammelten uns die Betreuer der Sprachschule und erkl\u00e4rten uns wichtige Regeln, an erster Stelle nat\u00fcrlich \u201eno bullying\u201c. Als auch das geschafft war, stieg die Spannung, w\u00e4hrend wir darauf warten von unseren Gastfamilien abgeholt zu werden. Grund f\u00fcr Angst gab es aber keinen, denn alle Gastfamilien waren sehr nett und lie\u00dfen uns wie zu Hause f\u00fchlen.<\/p>\n<p><a href=\"https:\/\/hgw.bayern\/wp-content\/uploads\/2025\/06\/i8EnglishPresentations.jpg\"><img loading=\"lazy\" decoding=\"async\" class=\"alignnone size-large wp-image-19141\" src=\"https:\/\/hgw.bayern\/wp-content\/uploads\/2025\/06\/i8EnglishPresentations-1024x809.jpg\" alt=\"\" width=\"660\" height=\"521\" srcset=\"https:\/\/hgw.bayern\/wp-content\/uploads\/2025\/06\/i8EnglishPresentations-1024x809.jpg 1024w, https:\/\/hgw.bayern\/wp-content\/uploads\/2025\/06\/i8EnglishPresentations-300x237.jpg 300w, https:\/\/hgw.bayern\/wp-content\/uploads\/2025\/06\/i8EnglishPresentations-768x607.jpg 768w, https:\/\/hgw.bayern\/wp-content\/uploads\/2025\/06\/i8EnglishPresentations-1536x1213.jpg 1536w, https:\/\/hgw.bayern\/wp-content\/uploads\/2025\/06\/i8EnglishPresentations.jpg 1755w\" sizes=\"auto, (max-width: 660px) 100vw, 660px\" \/><\/a><\/p>\n<p>Die darauffolgenden Tage bestanden aus unseren Aktivit\u00e4ten. Donnerstag, Freitag und Montag verbrachten wir vormittags mit Englischunterricht, welcher sehr auf das Sprechen fokussiert und projektorientiert und damit nie langweilig war. Am Nachmittag ging es dann los mit einem \u201eScavenger Hunt\u201c (= Schnitzeljagd) am wundersch\u00f6nen Strand in Bundoran.<\/p>\n<p><a href=\"https:\/\/hgw.bayern\/wp-content\/uploads\/2025\/06\/i10GaelicFootball.jpg\"><img loading=\"lazy\" decoding=\"async\" class=\"alignnone size-large wp-image-19142\" src=\"https:\/\/hgw.bayern\/wp-content\/uploads\/2025\/06\/i10GaelicFootball-1024x576.jpg\" alt=\"\" width=\"660\" height=\"371\" srcset=\"https:\/\/hgw.bayern\/wp-content\/uploads\/2025\/06\/i10GaelicFootball-1024x576.jpg 1024w, https:\/\/hgw.bayern\/wp-content\/uploads\/2025\/06\/i10GaelicFootball-300x169.jpg 300w, https:\/\/hgw.bayern\/wp-content\/uploads\/2025\/06\/i10GaelicFootball-768x432.jpg 768w, https:\/\/hgw.bayern\/wp-content\/uploads\/2025\/06\/i10GaelicFootball.jpg 1232w\" sizes=\"auto, (max-width: 660px) 100vw, 660px\" \/><\/a><\/p>\n<p>In den Folgetagen bestand unser vielf\u00e4ltiges Programm aus diversen \u201eTeam games\u201c, \u201eBowling\u201c, \u201eIrish crafts\u201c (=Basteln) und sehr viel Billiard, da in Surfer\u00b4s Bay ein Billiardtisch stand, der von uns leidenschaftlich genutzt wurde. Das absolute Highlight war neben dem spritzigen \u201eIrish Dancing\u201c-Unterricht samt Dance-Battle f\u00fcr viele \u201eGaelic football\u201c, eine Mischung aus \u201eAmerican football\u201c, Basketball und Fu\u00dfball. Gespielt wurde zwar im irischen Regen, jedoch hat sich f\u00fcr die meisten der Spa\u00dffaktor dadurch nur erh\u00f6ht.<\/p>\n<p>Am Wochenende ging\u2018s dann als Tagesausflug nach Sligo, wo wir frei herumlaufen durften und ein paar coole Gesch\u00e4fte entdeckten. Dort wurden auch ordentlich Souvenirs eingekauft, damit man daheim auch etwas zum Vorzeigen hat. Anschlie\u00dfend besuchten wir noch eine kleine Burg an einem See inklusive F\u00fchrung.<\/p>\n<p><a href=\"https:\/\/hgw.bayern\/wp-content\/uploads\/2025\/06\/i3Dublin8.jpg\"><img loading=\"lazy\" decoding=\"async\" class=\"alignnone size-large wp-image-19143\" src=\"https:\/\/hgw.bayern\/wp-content\/uploads\/2025\/06\/i3Dublin8-1024x722.jpg\" alt=\"\" width=\"660\" height=\"465\" srcset=\"https:\/\/hgw.bayern\/wp-content\/uploads\/2025\/06\/i3Dublin8-1024x722.jpg 1024w, https:\/\/hgw.bayern\/wp-content\/uploads\/2025\/06\/i3Dublin8-300x211.jpg 300w, https:\/\/hgw.bayern\/wp-content\/uploads\/2025\/06\/i3Dublin8-768x541.jpg 768w, https:\/\/hgw.bayern\/wp-content\/uploads\/2025\/06\/i3Dublin8-1536x1082.jpg 1536w, https:\/\/hgw.bayern\/wp-content\/uploads\/2025\/06\/i3Dublin8.jpg 1933w\" sizes=\"auto, (max-width: 660px) 100vw, 660px\" \/><\/a> <a href=\"https:\/\/hgw.bayern\/wp-content\/uploads\/2025\/06\/i4Dublin4.jpg\"><img loading=\"lazy\" decoding=\"async\" class=\"alignnone size-large wp-image-19144\" src=\"https:\/\/hgw.bayern\/wp-content\/uploads\/2025\/06\/i4Dublin4-1024x461.jpg\" alt=\"\" width=\"660\" height=\"297\" srcset=\"https:\/\/hgw.bayern\/wp-content\/uploads\/2025\/06\/i4Dublin4-1024x461.jpg 1024w, https:\/\/hgw.bayern\/wp-content\/uploads\/2025\/06\/i4Dublin4-300x135.jpg 300w, https:\/\/hgw.bayern\/wp-content\/uploads\/2025\/06\/i4Dublin4-768x346.jpg 768w, https:\/\/hgw.bayern\/wp-content\/uploads\/2025\/06\/i4Dublin4-1536x691.jpg 1536w, https:\/\/hgw.bayern\/wp-content\/uploads\/2025\/06\/i4Dublin4-2048x922.jpg 2048w\" sizes=\"auto, (max-width: 660px) 100vw, 660px\" \/><\/a><\/p>\n<p>Nach dieser aufregenden Woche hie\u00df es am Montag leider auch schon packen. Einen Tag sp\u00e4ter machten wir nach einem schweren Abschied noch einen Tagesstopp in der Hauptstadt Irlands,\u00a0 Dublin, wo wir Sch\u00fclerinnen und Sch\u00fcler eine kleine englischsprachige Stadtf\u00fchrung vorbereitet hatten.<\/p>\n<p><a href=\"https:\/\/hgw.bayern\/wp-content\/uploads\/2025\/06\/i1Dublin3.jpg\"><img loading=\"lazy\" decoding=\"async\" class=\"alignnone size-large wp-image-19145\" src=\"https:\/\/hgw.bayern\/wp-content\/uploads\/2025\/06\/i1Dublin3-1024x461.jpg\" alt=\"\" width=\"660\" height=\"297\" srcset=\"https:\/\/hgw.bayern\/wp-content\/uploads\/2025\/06\/i1Dublin3-1024x461.jpg 1024w, https:\/\/hgw.bayern\/wp-content\/uploads\/2025\/06\/i1Dublin3-300x135.jpg 300w, https:\/\/hgw.bayern\/wp-content\/uploads\/2025\/06\/i1Dublin3-768x346.jpg 768w, https:\/\/hgw.bayern\/wp-content\/uploads\/2025\/06\/i1Dublin3-1536x691.jpg 1536w, https:\/\/hgw.bayern\/wp-content\/uploads\/2025\/06\/i1Dublin3-2048x922.jpg 2048w\" sizes=\"auto, (max-width: 660px) 100vw, 660px\" \/><\/a><\/p>\n<p>Zwei Stunden, eine Flugversp\u00e4tung und wieder einige Sprengstoffpr\u00fcfungen sp\u00e4ter gelangten wir also v\u00f6llig \u00fcberm\u00fcdet in \u201eM\u00fcnchen-West\u201c \/ Memmingen an, was noch einmal eine Busfahrt bedeutete. Um halb ein Uhr morgens ging dann mit unserer Ankunft am HGW eine anstrengende aber sch\u00f6ne Zeit mit sehr vielen bunten Erfahrungen zu Ende.<\/p>\n<p><a href=\"https:\/\/hgw.bayern\/wp-content\/uploads\/2025\/06\/i7NorthernIrelandStop.jpg\"><img loading=\"lazy\" decoding=\"async\" class=\"alignnone size-large wp-image-19146\" src=\"https:\/\/hgw.bayern\/wp-content\/uploads\/2025\/06\/i7NorthernIrelandStop-1024x768.jpg\" alt=\"\" width=\"660\" height=\"495\" srcset=\"https:\/\/hgw.bayern\/wp-content\/uploads\/2025\/06\/i7NorthernIrelandStop-1024x768.jpg 1024w, https:\/\/hgw.bayern\/wp-content\/uploads\/2025\/06\/i7NorthernIrelandStop-300x225.jpg 300w, https:\/\/hgw.bayern\/wp-content\/uploads\/2025\/06\/i7NorthernIrelandStop-768x576.jpg 768w, https:\/\/hgw.bayern\/wp-content\/uploads\/2025\/06\/i7NorthernIrelandStop.jpg 1232w\" sizes=\"auto, (max-width: 660px) 100vw, 660px\" \/><\/a><\/p>\n<p>Sl\u00e1n! (= Auf Wiedersehen!)<\/p>\n<p>Sara Reichan und Julia Atzler (9c) \/ meis<\/p>\n","protected":false},"excerpt":{"rendered":"<p>Am Mittwoch, den 21.05.2025, war es endlich soweit: 29 Neuntkl\u00e4ssler inklusive Herr Lohr und Frau Meister machten sich f\u00fcr sechs Tage auf den Weg nach &hellip;<\/p>\n","protected":false},"author":5,"featured_media":19147,"comment_status":"closed","ping_status":"closed","sticky":false,"template":"","format":"standard","meta":{"footnotes":""},"categories":[23,57,66,6,3,50],"tags":[],"class_list":["post-19137","post","type-post","status-publish","format-standard","has-post-thumbnail","hentry","category-englisch","category-schueleraustausch","category-schuljahr2024-25","category-sprachen","category-unterricht","category-vortraege-und-exkursionen"],"_links":{"self":[{"href":"https:\/\/hgw.bayern\/index.php?rest_route=\/wp\/v2\/posts\/19137","targetHints":{"allow":["GET"]}}],"collection":[{"href":"https:\/\/hgw.bayern\/index.php?rest_route=\/wp\/v2\/posts"}],"about":[{"href":"https:\/\/hgw.bayern\/index.php?rest_route=\/wp\/v2\/types\/post"}],"author":[{"embeddable":true,"href":"https:\/\/hgw.bayern\/index.php?rest_route=\/wp\/v2\/users\/5"}],"replies":[{"embeddable":true,"href":"https:\/\/hgw.bayern\/index.php?rest_route=%2Fwp%2Fv2%2Fcomments&post=19137"}],"version-history":[{"count":1,"href":"https:\/\/hgw.bayern\/index.php?rest_route=\/wp\/v2\/posts\/19137\/revisions"}],"predecessor-version":[{"id":19148,"href":"https:\/\/hgw.bayern\/index.php?rest_route=\/wp\/v2\/posts\/19137\/revisions\/19148"}],"wp:featuredmedia":[{"embeddable":true,"href":"https:\/\/hgw.bayern\/index.php?rest_route=\/wp\/v2\/media\/19147"}],"wp:attachment":[{"href":"https:\/\/hgw.bayern\/index.php?rest_route=%2Fwp%2Fv2%2Fmedia&parent=19137"}],"wp:term":[{"taxonomy":"category","embeddable":true,"href":"https:\/\/hgw.bayern\/index.php?rest_route=%2Fwp%2Fv2%2Fcategories&post=19137"},{"taxonomy":"post_tag","embeddable":true,"href":"https:\/\/hgw.bayern\/index.php?rest_route=%2Fwp%2Fv2%2Ftags&post=19137"}],"curies":[{"name":"wp","href":"https:\/\/api.w.org\/{rel}","templated":true}]}}