{"id":19194,"date":"2025-07-01T14:04:56","date_gmt":"2025-07-01T14:04:56","guid":{"rendered":"https:\/\/hgw.bayern\/?p=19194"},"modified":"2025-07-03T07:13:01","modified_gmt":"2025-07-03T07:13:01","slug":"sommerserenade-2025-am-hgw","status":"publish","type":"post","link":"https:\/\/hgw.bayern\/?p=19194","title":{"rendered":"Sommerserenade 2025 am HGW"},"content":{"rendered":"<div id=\"message-content\" class=\"ui segment\">\n<div>\n<div>\n<div>Am Donnerstag, den 26. Juni 2025 fand in der HGW-Aula die traditionelle Sommerserenade der Fachschaft Musik statt. Sch\u00fclerinnen und Sch\u00fcler pr\u00e4sentierten in den verschiedensten Formationen Titel aus den Bereichen Klassik, Musical, Cabaret und Jazz. F\u00fcr die Einstudierungen zust\u00e4ndig waren u. a. Gabriele Slesiona, Julia Dendl, Susanne Kr\u00f6nauer und Michael Sandt.<\/div>\n<div>Das Schulorchester er\u00f6ffnete den Melodienreigen, gefolgt von der Bl\u00e4serklasse der Jahrgangsstufen 6\/7. Des Weiteren sangen und musizierten die Junior-Jazz-Band, der Unterstufenchor, das Q12-Vokalensemble, Ziyi Zhou am Klavier, das Vokalensemble \u201eA Fetzn Gaudi\u201c sowie die HGW-Big Band \u201eWhat about Jazz\u2026?\u201c. Als Gesangssolisten waren zu h\u00f6ren Veronika Wei\u00df, Simona Forsthofer und Lukas Scheider.<\/div>\n<div><a href=\"https:\/\/hgw.bayern\/wp-content\/uploads\/2025\/07\/so5.jpg\"><img loading=\"lazy\" decoding=\"async\" class=\"alignnone size-large wp-image-19203\" src=\"https:\/\/hgw.bayern\/wp-content\/uploads\/2025\/07\/so5-1024x550.jpg\" alt=\"\" width=\"660\" height=\"354\" srcset=\"https:\/\/hgw.bayern\/wp-content\/uploads\/2025\/07\/so5-1024x550.jpg 1024w, https:\/\/hgw.bayern\/wp-content\/uploads\/2025\/07\/so5-300x161.jpg 300w, https:\/\/hgw.bayern\/wp-content\/uploads\/2025\/07\/so5-768x412.jpg 768w, https:\/\/hgw.bayern\/wp-content\/uploads\/2025\/07\/so5-1536x825.jpg 1536w, https:\/\/hgw.bayern\/wp-content\/uploads\/2025\/07\/so5-2048x1099.jpg 2048w\" sizes=\"auto, (max-width: 660px) 100vw, 660px\" \/><\/a><\/div>\n<div>Das abwechslungsreiche Programm und das durchweg hohe Niveau der Leistungen bei diesem rundum gelungenen Konzertabend wurde von den zahlreich erschienenen Besuchern mit viel Beifall bedacht. Schulleiter Christian Heller zu Beginn des Konzertes und Frau Dr. Staudner vom Elternbeirat am Ende der Veranstaltung bedankten sich bei den Musiklehrkr\u00e4ften f\u00fcr ihre engagierte Arbeit und die intensive Probenarbeit im Vorfeld des Konzertes.<\/div>\n<\/div>\n<\/div>\n<\/div>\n<div class=\"one wide column\"><a href=\"https:\/\/hgw.bayern\/wp-content\/uploads\/2025\/07\/2025Sommers1.jpg\"><img loading=\"lazy\" decoding=\"async\" class=\"alignnone size-large wp-image-19196\" src=\"https:\/\/hgw.bayern\/wp-content\/uploads\/2025\/07\/2025Sommers1-1024x523.jpg\" alt=\"\" width=\"660\" height=\"337\" srcset=\"https:\/\/hgw.bayern\/wp-content\/uploads\/2025\/07\/2025Sommers1-1024x523.jpg 1024w, https:\/\/hgw.bayern\/wp-content\/uploads\/2025\/07\/2025Sommers1-300x153.jpg 300w, https:\/\/hgw.bayern\/wp-content\/uploads\/2025\/07\/2025Sommers1-768x392.jpg 768w, https:\/\/hgw.bayern\/wp-content\/uploads\/2025\/07\/2025Sommers1-1536x785.jpg 1536w, https:\/\/hgw.bayern\/wp-content\/uploads\/2025\/07\/2025Sommers1-2048x1046.jpg 2048w\" sizes=\"auto, (max-width: 660px) 100vw, 660px\" \/><\/a><\/div>\n<div><a href=\"https:\/\/hgw.bayern\/wp-content\/uploads\/2025\/07\/so3.jpg\"><img loading=\"lazy\" decoding=\"async\" class=\"alignnone size-large wp-image-19201\" src=\"https:\/\/hgw.bayern\/wp-content\/uploads\/2025\/07\/so3-1024x496.jpg\" alt=\"\" width=\"660\" height=\"320\" srcset=\"https:\/\/hgw.bayern\/wp-content\/uploads\/2025\/07\/so3-1024x496.jpg 1024w, https:\/\/hgw.bayern\/wp-content\/uploads\/2025\/07\/so3-300x145.jpg 300w, https:\/\/hgw.bayern\/wp-content\/uploads\/2025\/07\/so3-768x372.jpg 768w, https:\/\/hgw.bayern\/wp-content\/uploads\/2025\/07\/so3-1536x744.jpg 1536w, https:\/\/hgw.bayern\/wp-content\/uploads\/2025\/07\/so3-2048x992.jpg 2048w\" sizes=\"auto, (max-width: 660px) 100vw, 660px\" \/><\/a> <a href=\"https:\/\/hgw.bayern\/wp-content\/uploads\/2025\/07\/so4.jpg\"><img loading=\"lazy\" decoding=\"async\" class=\"alignnone size-large wp-image-19202\" src=\"https:\/\/hgw.bayern\/wp-content\/uploads\/2025\/07\/so4-1024x506.jpg\" alt=\"\" width=\"660\" height=\"326\" srcset=\"https:\/\/hgw.bayern\/wp-content\/uploads\/2025\/07\/so4-1024x506.jpg 1024w, https:\/\/hgw.bayern\/wp-content\/uploads\/2025\/07\/so4-300x148.jpg 300w, https:\/\/hgw.bayern\/wp-content\/uploads\/2025\/07\/so4-768x380.jpg 768w, https:\/\/hgw.bayern\/wp-content\/uploads\/2025\/07\/so4-1536x759.jpg 1536w, https:\/\/hgw.bayern\/wp-content\/uploads\/2025\/07\/so4-2048x1012.jpg 2048w\" sizes=\"auto, (max-width: 660px) 100vw, 660px\" \/><\/a><\/div>\n<div><a href=\"https:\/\/hgw.bayern\/wp-content\/uploads\/2025\/07\/so8.jpg\"><img loading=\"lazy\" decoding=\"async\" class=\"alignnone size-large wp-image-19207\" src=\"https:\/\/hgw.bayern\/wp-content\/uploads\/2025\/07\/so8-1024x547.jpg\" alt=\"\" width=\"660\" height=\"353\" srcset=\"https:\/\/hgw.bayern\/wp-content\/uploads\/2025\/07\/so8-1024x547.jpg 1024w, https:\/\/hgw.bayern\/wp-content\/uploads\/2025\/07\/so8-300x160.jpg 300w, https:\/\/hgw.bayern\/wp-content\/uploads\/2025\/07\/so8-768x410.jpg 768w, https:\/\/hgw.bayern\/wp-content\/uploads\/2025\/07\/so8-1536x820.jpg 1536w, https:\/\/hgw.bayern\/wp-content\/uploads\/2025\/07\/so8-2048x1094.jpg 2048w\" sizes=\"auto, (max-width: 660px) 100vw, 660px\" \/><\/a><\/div>\n<div><a href=\"https:\/\/hgw.bayern\/wp-content\/uploads\/2025\/07\/2025Sommers2.jpg\"><img loading=\"lazy\" decoding=\"async\" class=\"alignnone size-large wp-image-19195\" src=\"https:\/\/hgw.bayern\/wp-content\/uploads\/2025\/07\/2025Sommers2-1024x505.jpg\" alt=\"\" width=\"660\" height=\"325\" srcset=\"https:\/\/hgw.bayern\/wp-content\/uploads\/2025\/07\/2025Sommers2-1024x505.jpg 1024w, https:\/\/hgw.bayern\/wp-content\/uploads\/2025\/07\/2025Sommers2-300x148.jpg 300w, https:\/\/hgw.bayern\/wp-content\/uploads\/2025\/07\/2025Sommers2-768x379.jpg 768w, https:\/\/hgw.bayern\/wp-content\/uploads\/2025\/07\/2025Sommers2-1536x758.jpg 1536w, https:\/\/hgw.bayern\/wp-content\/uploads\/2025\/07\/2025Sommers2-2048x1011.jpg 2048w\" sizes=\"auto, (max-width: 660px) 100vw, 660px\" \/><\/a><\/div>\n<div><a href=\"https:\/\/hgw.bayern\/wp-content\/uploads\/2025\/07\/so6.jpg\"><img loading=\"lazy\" decoding=\"async\" class=\"alignnone size-large wp-image-19198\" src=\"https:\/\/hgw.bayern\/wp-content\/uploads\/2025\/07\/so6-1024x758.jpg\" alt=\"\" width=\"660\" height=\"489\" srcset=\"https:\/\/hgw.bayern\/wp-content\/uploads\/2025\/07\/so6-1024x758.jpg 1024w, https:\/\/hgw.bayern\/wp-content\/uploads\/2025\/07\/so6-300x222.jpg 300w, https:\/\/hgw.bayern\/wp-content\/uploads\/2025\/07\/so6-768x568.jpg 768w, https:\/\/hgw.bayern\/wp-content\/uploads\/2025\/07\/so6-1536x1137.jpg 1536w, https:\/\/hgw.bayern\/wp-content\/uploads\/2025\/07\/so6.jpg 1774w\" sizes=\"auto, (max-width: 660px) 100vw, 660px\" \/><\/a><\/div>\n<div><a href=\"https:\/\/hgw.bayern\/wp-content\/uploads\/2025\/07\/so7.jpg\"><img loading=\"lazy\" decoding=\"async\" class=\"alignnone size-large wp-image-19205\" src=\"https:\/\/hgw.bayern\/wp-content\/uploads\/2025\/07\/so7-1024x708.jpg\" alt=\"\" width=\"660\" height=\"456\" srcset=\"https:\/\/hgw.bayern\/wp-content\/uploads\/2025\/07\/so7-1024x708.jpg 1024w, https:\/\/hgw.bayern\/wp-content\/uploads\/2025\/07\/so7-300x207.jpg 300w, https:\/\/hgw.bayern\/wp-content\/uploads\/2025\/07\/so7-768x531.jpg 768w, https:\/\/hgw.bayern\/wp-content\/uploads\/2025\/07\/so7-1536x1062.jpg 1536w, https:\/\/hgw.bayern\/wp-content\/uploads\/2025\/07\/so7.jpg 1910w\" sizes=\"auto, (max-width: 660px) 100vw, 660px\" \/><\/a><\/div>\n<div><\/div>\n","protected":false},"excerpt":{"rendered":"<p>Am Donnerstag, den 26. Juni 2025 fand in der HGW-Aula die traditionelle Sommerserenade der Fachschaft Musik statt. Sch\u00fclerinnen und Sch\u00fcler pr\u00e4sentierten in den verschiedensten Formationen &hellip;<\/p>\n","protected":false},"author":5,"featured_media":19200,"comment_status":"closed","ping_status":"closed","sticky":false,"template":"","format":"standard","meta":{"footnotes":""},"categories":[17,66,50],"tags":[],"class_list":["post-19194","post","type-post","status-publish","format-standard","has-post-thumbnail","hentry","category-musik","category-schuljahr2024-25","category-vortraege-und-exkursionen"],"_links":{"self":[{"href":"https:\/\/hgw.bayern\/index.php?rest_route=\/wp\/v2\/posts\/19194","targetHints":{"allow":["GET"]}}],"collection":[{"href":"https:\/\/hgw.bayern\/index.php?rest_route=\/wp\/v2\/posts"}],"about":[{"href":"https:\/\/hgw.bayern\/index.php?rest_route=\/wp\/v2\/types\/post"}],"author":[{"embeddable":true,"href":"https:\/\/hgw.bayern\/index.php?rest_route=\/wp\/v2\/users\/5"}],"replies":[{"embeddable":true,"href":"https:\/\/hgw.bayern\/index.php?rest_route=%2Fwp%2Fv2%2Fcomments&post=19194"}],"version-history":[{"count":5,"href":"https:\/\/hgw.bayern\/index.php?rest_route=\/wp\/v2\/posts\/19194\/revisions"}],"predecessor-version":[{"id":19208,"href":"https:\/\/hgw.bayern\/index.php?rest_route=\/wp\/v2\/posts\/19194\/revisions\/19208"}],"wp:featuredmedia":[{"embeddable":true,"href":"https:\/\/hgw.bayern\/index.php?rest_route=\/wp\/v2\/media\/19200"}],"wp:attachment":[{"href":"https:\/\/hgw.bayern\/index.php?rest_route=%2Fwp%2Fv2%2Fmedia&parent=19194"}],"wp:term":[{"taxonomy":"category","embeddable":true,"href":"https:\/\/hgw.bayern\/index.php?rest_route=%2Fwp%2Fv2%2Fcategories&post=19194"},{"taxonomy":"post_tag","embeddable":true,"href":"https:\/\/hgw.bayern\/index.php?rest_route=%2Fwp%2Fv2%2Ftags&post=19194"}],"curies":[{"name":"wp","href":"https:\/\/api.w.org\/{rel}","templated":true}]}}