{"id":19232,"date":"2025-07-14T12:18:52","date_gmt":"2025-07-14T12:18:52","guid":{"rendered":"https:\/\/hgw.bayern\/?p=19232"},"modified":"2025-07-14T12:18:52","modified_gmt":"2025-07-14T12:18:52","slug":"lukas-scheider-singt-bei-den-audi-sommerkonzerte-2025","status":"publish","type":"post","link":"https:\/\/hgw.bayern\/?p=19232","title":{"rendered":"Lukas Scheider singt bei den Audi Sommerkonzerte 2025"},"content":{"rendered":"<p>Von aufstrebenden Talenten bis hin zu internationalen Stars: Die Audi Sommerkonzerte 2025 vom 21. Juni bis 27. Juli zeichnen sich abermals durch ihre enorme Vielfalt aus. Gro\u00dfe Experimentierfreude beweist Audi erneut mit \u00dcberschreitungen von Genregrenzen und einer Eigenproduktion, die auf der Baustelle des neuen Museums f\u00fcr Konkrete Kunst und Design Ingolstadt stattfinden wird. Au\u00dfergew\u00f6hnliche Konzerterlebnisse bietet auch das \u00fcberregional beliebte Musikfestival vor allem f\u00fcr Kinder und Jugendliche: Sch\u00fclerinnen und Sch\u00fcler der Ingolst\u00e4dter Gymnasien musizieren auf ihren Instrumenten, dirigiert von Klaus Hoffmann.<\/p>\n<p>Unser Sch\u00fcler Lukas Scheider (Q12, Gymnasium Wolnzach) sang auf der B\u00fchne des Festsaals in Ingolstadt eine Arie aus Mozarts Oper \u201eDie Zauberfl\u00f6te\u201c. Hier begeisterte er als Papageno mit Lederhose, Panfl\u00f6te und Blumenschmuck mit \u201eder Vogelf\u00e4nger bin ich ja\u2026\u201c. Begleitet wurde er haupts\u00e4chlich von Sch\u00fclerinnen und Sch\u00fclern des Gnadenthal-Gymnasiums in Ingolstadt und dem Aurora Orchester, welches mit internationalen Profis besetzt war. Das Konzertfand am 05.07. unter dem Motte \u201eDie Welt der Tiere\u201c bei freiem Eintritt statt.<\/p>\n<p>Die Schulgemeinschaft gratuliert Lukas ganz herzlich zu einem weiteren Schritt nach oben auf der wahrlich nicht einfachen Karriereleiter eines Musikers bzw. S\u00e4ngers und w\u00fcnschen ihm weitere Erfolge!<\/p>\n<p>Christian Kuttler<\/p>\n<p><a href=\"https:\/\/hgw.bayern\/wp-content\/uploads\/2025\/07\/ls60.jpg\"><img loading=\"lazy\" decoding=\"async\" class=\"alignnone size-large wp-image-19235\" src=\"https:\/\/hgw.bayern\/wp-content\/uploads\/2025\/07\/ls60-1024x555.jpg\" alt=\"\" width=\"660\" height=\"358\" srcset=\"https:\/\/hgw.bayern\/wp-content\/uploads\/2025\/07\/ls60-1024x555.jpg 1024w, https:\/\/hgw.bayern\/wp-content\/uploads\/2025\/07\/ls60-300x163.jpg 300w, https:\/\/hgw.bayern\/wp-content\/uploads\/2025\/07\/ls60-768x416.jpg 768w, https:\/\/hgw.bayern\/wp-content\/uploads\/2025\/07\/ls60.jpg 1440w\" sizes=\"auto, (max-width: 660px) 100vw, 660px\" \/><\/a><\/p>\n<p><a href=\"https:\/\/hgw.bayern\/wp-content\/uploads\/2025\/07\/ls2.jpg\"><img loading=\"lazy\" decoding=\"async\" class=\"alignnone size-large wp-image-19234\" src=\"https:\/\/hgw.bayern\/wp-content\/uploads\/2025\/07\/ls2-942x1024.jpg\" alt=\"\" width=\"660\" height=\"717\" srcset=\"https:\/\/hgw.bayern\/wp-content\/uploads\/2025\/07\/ls2-942x1024.jpg 942w, https:\/\/hgw.bayern\/wp-content\/uploads\/2025\/07\/ls2-276x300.jpg 276w, https:\/\/hgw.bayern\/wp-content\/uploads\/2025\/07\/ls2-768x835.jpg 768w, https:\/\/hgw.bayern\/wp-content\/uploads\/2025\/07\/ls2-1413x1536.jpg 1413w, https:\/\/hgw.bayern\/wp-content\/uploads\/2025\/07\/ls2-1884x2048.jpg 1884w, https:\/\/hgw.bayern\/wp-content\/uploads\/2025\/07\/ls2.jpg 2012w\" sizes=\"auto, (max-width: 660px) 100vw, 660px\" \/><\/a><\/p>\n<p>(Bilder von Ziyi Zhou und Audi AG)<\/p>\n","protected":false},"excerpt":{"rendered":"<p>Von aufstrebenden Talenten bis hin zu internationalen Stars: Die Audi Sommerkonzerte 2025 vom 21. Juni bis 27. Juli zeichnen sich abermals durch ihre enorme Vielfalt &hellip;<\/p>\n","protected":false},"author":5,"featured_media":19233,"comment_status":"closed","ping_status":"closed","sticky":false,"template":"","format":"standard","meta":{"footnotes":""},"categories":[17,66,3],"tags":[],"class_list":["post-19232","post","type-post","status-publish","format-standard","has-post-thumbnail","hentry","category-musik","category-schuljahr2024-25","category-unterricht"],"_links":{"self":[{"href":"https:\/\/hgw.bayern\/index.php?rest_route=\/wp\/v2\/posts\/19232","targetHints":{"allow":["GET"]}}],"collection":[{"href":"https:\/\/hgw.bayern\/index.php?rest_route=\/wp\/v2\/posts"}],"about":[{"href":"https:\/\/hgw.bayern\/index.php?rest_route=\/wp\/v2\/types\/post"}],"author":[{"embeddable":true,"href":"https:\/\/hgw.bayern\/index.php?rest_route=\/wp\/v2\/users\/5"}],"replies":[{"embeddable":true,"href":"https:\/\/hgw.bayern\/index.php?rest_route=%2Fwp%2Fv2%2Fcomments&post=19232"}],"version-history":[{"count":1,"href":"https:\/\/hgw.bayern\/index.php?rest_route=\/wp\/v2\/posts\/19232\/revisions"}],"predecessor-version":[{"id":19236,"href":"https:\/\/hgw.bayern\/index.php?rest_route=\/wp\/v2\/posts\/19232\/revisions\/19236"}],"wp:featuredmedia":[{"embeddable":true,"href":"https:\/\/hgw.bayern\/index.php?rest_route=\/wp\/v2\/media\/19233"}],"wp:attachment":[{"href":"https:\/\/hgw.bayern\/index.php?rest_route=%2Fwp%2Fv2%2Fmedia&parent=19232"}],"wp:term":[{"taxonomy":"category","embeddable":true,"href":"https:\/\/hgw.bayern\/index.php?rest_route=%2Fwp%2Fv2%2Fcategories&post=19232"},{"taxonomy":"post_tag","embeddable":true,"href":"https:\/\/hgw.bayern\/index.php?rest_route=%2Fwp%2Fv2%2Ftags&post=19232"}],"curies":[{"name":"wp","href":"https:\/\/api.w.org\/{rel}","templated":true}]}}