{"id":19369,"date":"2025-08-01T17:06:52","date_gmt":"2025-08-01T17:06:52","guid":{"rendered":"https:\/\/hgw.bayern\/?p=19369"},"modified":"2025-09-26T06:08:03","modified_gmt":"2025-09-26T06:08:03","slug":"schulehrungen-2025","status":"publish","type":"post","link":"https:\/\/hgw.bayern\/?p=19369","title":{"rendered":"Schulehrungen 2025"},"content":{"rendered":"<p><strong>Sozialpreis f\u00fcr Jasmin Fuhrmann und Lilly Staudigl<\/strong><\/p>\n<p><a href=\"https:\/\/hgw.bayern\/wp-content\/uploads\/2025\/08\/e2.jpeg\"><img loading=\"lazy\" decoding=\"async\" class=\"alignnone size-full wp-image-19371\" src=\"https:\/\/hgw.bayern\/wp-content\/uploads\/2025\/08\/e2.jpeg\" alt=\"\" width=\"1024\" height=\"406\" srcset=\"https:\/\/hgw.bayern\/wp-content\/uploads\/2025\/08\/e2.jpeg 1024w, https:\/\/hgw.bayern\/wp-content\/uploads\/2025\/08\/e2-300x119.jpeg 300w, https:\/\/hgw.bayern\/wp-content\/uploads\/2025\/08\/e2-768x305.jpeg 768w\" sizes=\"auto, (max-width: 1024px) 100vw, 1024px\" \/><\/a><\/p>\n<p>Die traditionellen Schulehrungen des Hallertau-Gymnasiums Wolnzach f\u00fcr das Schuljahr 2024\/25 fanden am Freitag, 25.07.2025 in der Aula statt. Nachdem es in diesem Schuljahr wegen des \u00dcbergangs vom achtj\u00e4hrigen zum neunj\u00e4hrigen Gymnasium keine Abiturfeier gab, kann diese Feststunde zweifellos als H\u00f6hepunkt des Schuljahres bezeichnet werden. Dabei wurde das besondere Engagement zahlreicher Sch\u00fclerinnen und Sch\u00fcler gew\u00fcrdigt, die sich als Tutorin oder Tutor f\u00fcr die Jahrgangsstufen 5 und 6, als Mitglied des Schulsanit\u00e4tsdienstes, als Schulweghelfer, als Streitschlichterin bzw. Streitschlichter oder als Sch\u00fclersprecherin bzw. Sch\u00fclersprecher in den Dienst der Schulfamilie gestellt haben. Die Schulsanit\u00e4ter und Schulweghelfer wurden von Herrn Staudigl betreut, die Streitschlichter und Tutoren federf\u00fchrend von Herrn Mock, der vor allem von Frau Anka Brenner unterst\u00fctzt wurde. Bei der Ausbildung der Streitschlichter waren zus\u00e4tzlich Frau Hingsammer und Frau Weigand t\u00e4tig.<\/p>\n<p><a href=\"https:\/\/hgw.bayern\/wp-content\/uploads\/2025\/08\/e10.jpeg\"><img loading=\"lazy\" decoding=\"async\" class=\"alignnone size-large wp-image-19372\" src=\"https:\/\/hgw.bayern\/wp-content\/uploads\/2025\/08\/e10-1024x471.jpeg\" alt=\"\" width=\"660\" height=\"304\" srcset=\"https:\/\/hgw.bayern\/wp-content\/uploads\/2025\/08\/e10-1024x471.jpeg 1024w, https:\/\/hgw.bayern\/wp-content\/uploads\/2025\/08\/e10-300x138.jpeg 300w, https:\/\/hgw.bayern\/wp-content\/uploads\/2025\/08\/e10-768x354.jpeg 768w, https:\/\/hgw.bayern\/wp-content\/uploads\/2025\/08\/e10.jpeg 1086w\" sizes=\"auto, (max-width: 660px) 100vw, 660px\" \/><\/a><\/p>\n<p>Als neue Kategorien kamen bei den Ehrungen 2025 die Netzg\u00e4nger und das Aufkl\u00e4rungsprojekt\u00a0 \u201eFAQ You\u201c hinzu. Im Rahmen des Projekts Netzg\u00e4nger haben 32 zu Peers ausgebildete Sch\u00fclerinnen und Sch\u00fcler aus den Jahrgangsstufen 9 bis 11 unsere 6. und 7. Klassen \u00fcber den richtigen Umgang mit dem Internet, den sozialen Medien und den damit verbundenen Gefahren informiert. Betreut wurde die Aktion von Frau Berger, Frau Schmid, Frau Sosnowski und Herrn Munz. Beim von Frau Sosnowski begleiteten Projekt \u201eFAQ You\u201c waren neun engagierte Sch\u00fclerinnen und Sch\u00fcler bei der Aufkl\u00e4rung unserer 8. Klassen zu den Themen sexuell \u00fcbertragbare Krankheiten und ihre Vermeidung sowie sexuelle Orientierung aktiv.<\/p>\n<p>Alle bisher genannten Sch\u00fclerinnen und Sch\u00fcler erhielten eine Urkunde und einen Wolnzach-Zehner als kleines Dankesch\u00f6n und Anerkennung.<\/p>\n<p><a href=\"https:\/\/hgw.bayern\/wp-content\/uploads\/2025\/08\/e12.jpeg\"><img loading=\"lazy\" decoding=\"async\" class=\"alignnone size-full wp-image-19373\" src=\"https:\/\/hgw.bayern\/wp-content\/uploads\/2025\/08\/e12.jpeg\" alt=\"\" width=\"1003\" height=\"413\" srcset=\"https:\/\/hgw.bayern\/wp-content\/uploads\/2025\/08\/e12.jpeg 1003w, https:\/\/hgw.bayern\/wp-content\/uploads\/2025\/08\/e12-300x124.jpeg 300w, https:\/\/hgw.bayern\/wp-content\/uploads\/2025\/08\/e12-768x316.jpeg 768w\" sizes=\"auto, (max-width: 1003px) 100vw, 1003px\" \/><\/a><\/p>\n<p>Neben den Sch\u00fclerinnen und Sch\u00fclern, die durch ihr soziales Engagement herausragten, wurden auch die Schulbesten geehrt. Dabei erhielten die 46 Sch\u00fclerinnen und Sch\u00fcler, die einen Notendurchschnitt von 1,50 oder besser im Jahreszeugnis hatten, einen Buchgutschein, der vom Elternbeirat finanziert wurde. Das Hallertau-Gymnasium bedankt sich daf\u00fcr sehr herzlich. Eine Sch\u00fclerin der Jahrgangsstufe 8 hatte sogar einen Schnitt von 1,00, also in allen F\u00e4chern die Note 1. Vier weitere Sch\u00fclerinnen und Sch\u00fcler hatten nur eine einzige 2 im Zeugnis und ansonsten ausschlie\u00dflich Einser. Durch ihre hervorragenden Leistungen verdienten sich all diese Sch\u00fclerinnen und Sch\u00fcler als Vorbild an Leistungsbereitschaft und Leistungsf\u00e4higkeit die Auszeichnung redlich.<\/p>\n<p><a href=\"https:\/\/hgw.bayern\/wp-content\/uploads\/2025\/08\/e5.jpeg\"><img loading=\"lazy\" decoding=\"async\" class=\"alignnone size-full wp-image-19374\" src=\"https:\/\/hgw.bayern\/wp-content\/uploads\/2025\/08\/e5.jpeg\" alt=\"\" width=\"961\" height=\"472\" srcset=\"https:\/\/hgw.bayern\/wp-content\/uploads\/2025\/08\/e5.jpeg 961w, https:\/\/hgw.bayern\/wp-content\/uploads\/2025\/08\/e5-300x147.jpeg 300w, https:\/\/hgw.bayern\/wp-content\/uploads\/2025\/08\/e5-768x377.jpeg 768w\" sizes=\"auto, (max-width: 961px) 100vw, 961px\" \/><\/a><\/p>\n<p>Zwei musikalische Beitr\u00e4ge der Bl\u00e4serklasse unter der Leitung von Herrn Sandt verliehen der Ehrung einen w\u00fcrdigen Rahmen. Ihnen geb\u00fchrt ein besonderer Dank, da sie alle Beteiligten schon auf die bevorstehenden Ferien einstimmten und die Feierstunde auflockerten. F\u00fcr ihr Engagement in der Bl\u00e4serklasse erhielten sie eine Urkunde und durften zum Eisessen gehen.<\/p>\n<p><a href=\"https:\/\/hgw.bayern\/wp-content\/uploads\/2025\/08\/e7.jpeg\"><img loading=\"lazy\" decoding=\"async\" class=\"alignnone size-full wp-image-19370\" src=\"https:\/\/hgw.bayern\/wp-content\/uploads\/2025\/08\/e7.jpeg\" alt=\"\" width=\"1024\" height=\"768\" srcset=\"https:\/\/hgw.bayern\/wp-content\/uploads\/2025\/08\/e7.jpeg 1024w, https:\/\/hgw.bayern\/wp-content\/uploads\/2025\/08\/e7-300x225.jpeg 300w, https:\/\/hgw.bayern\/wp-content\/uploads\/2025\/08\/e7-768x576.jpeg 768w\" sizes=\"auto, (max-width: 1024px) 100vw, 1024px\" \/><\/a><\/p>\n<p>Als H\u00f6hepunkt der Veranstaltung wurde der Sozialpreis des HGW vergeben. Unter acht Vorschl\u00e4gen, die allesamt eine W\u00fcrdigung verdient gehabt h\u00e4tten, w\u00e4hlte die Jury aus Johannes Friedl (Sch\u00fclersprecher), Frau Dr. Staudner (Vorsitzende des Elternbeirats), Herr Seitzl (Vorsitzender des \u00f6rtlichen Personalrats) und Herr Dobler (Vertreter der Schulleitung) die beiden Sch\u00fclersprecherinnen Jasmin Fuhrmann und Lilly Staudigl\u00a0 als Gewinner des Sozialpreises 2025 aus. Herr Heller stellte in seiner Laudatio das au\u00dfergew\u00f6hnliche Engagement der beiden im Rahmen des Gedenkgottesdienstes f\u00fcr die kurz hintereinander verstorbenen Mitglieder der Schulfamilie, der Musiklehrerin Frau Stephanie Fischer und dem Sch\u00fcler Nepomuk Stein aus der Jahrgangsstufe 8, heraus. Die beiden halfen damit dem HGW und seinem gesamten Umfeld in den schwersten Wochen der vergangenen Schuljahre. Vielen war eine solche Andacht ein besonderes Anliegen, was am umfangreichen Besuch der Veranstaltung am 13.11.2024 eindrucksvoll zu erkennen war. Die beiden Preistr\u00e4gerinnen nahmen die Planung in die H\u00e4nde und k\u00fcmmerten sich um den von den beiden Pfarrern Herrn Baldeweg und Herrn Roeb zelebrierten Gottesdienst. F\u00fcr die w\u00fcrdevolle musikalische Umrahmung gewannen sie Frau Slesiona und Herrn Sandt sowie unseren Sch\u00fcler Lukas Scheider als S\u00e4nger. Wie Herr Heller hervorhob, zeigten uns die beiden Todesf\u00e4lle schmerzhaft auf, dass es Wichtigeres als schulische Leistungen und Noten gibt. Der von Jasmin Fuhrmann und Lilly Staudigl organisierte Gedenkgottesdienst blieb vielen als besonders eindrucksvolles Ereignis des Schuljahres in Erinnerung.<\/p>\n<p><a href=\"https:\/\/hgw.bayern\/wp-content\/uploads\/2025\/08\/e4.jpeg\"><img loading=\"lazy\" decoding=\"async\" class=\"alignnone size-full wp-image-19375\" src=\"https:\/\/hgw.bayern\/wp-content\/uploads\/2025\/08\/e4.jpeg\" alt=\"\" width=\"1024\" height=\"389\" srcset=\"https:\/\/hgw.bayern\/wp-content\/uploads\/2025\/08\/e4.jpeg 1024w, https:\/\/hgw.bayern\/wp-content\/uploads\/2025\/08\/e4-300x114.jpeg 300w, https:\/\/hgw.bayern\/wp-content\/uploads\/2025\/08\/e4-768x292.jpeg 768w\" sizes=\"auto, (max-width: 1024px) 100vw, 1024px\" \/><\/a><\/p>\n<p>Wir danken allen Sch\u00fclerinnen und Sch\u00fclern, darunter allen Klassensprecherinnen und Klassensprechern, allen Eltern, Gro\u00dfeltern und sonstigen Angeh\u00f6rigen der Geehrten sowie allen Lehrkr\u00e4ften, die dem HGW durch die Anwesenheit ihre Verbundenheit zeigten und den Ehrungen als Publikum einen w\u00fcrdigen Rahmen verliehen.<\/p>\n<p>Harald Dobler<\/p>\n<p>&nbsp;<\/p>\n","protected":false},"excerpt":{"rendered":"<p>Sozialpreis f\u00fcr Jasmin Fuhrmann und Lilly Staudigl Die traditionellen Schulehrungen des Hallertau-Gymnasiums Wolnzach f\u00fcr das Schuljahr 2024\/25 fanden am Freitag, 25.07.2025 in der Aula statt. &hellip;<\/p>\n","protected":false},"author":5,"featured_media":19376,"comment_status":"closed","ping_status":"closed","sticky":false,"template":"","format":"standard","meta":{"footnotes":""},"categories":[39,66,36],"tags":[],"class_list":["post-19369","post","type-post","status-publish","format-standard","has-post-thumbnail","hentry","category-das-gehoert-zum-hgw","category-schuljahr2024-25","category-schulleitung"],"_links":{"self":[{"href":"https:\/\/hgw.bayern\/index.php?rest_route=\/wp\/v2\/posts\/19369","targetHints":{"allow":["GET"]}}],"collection":[{"href":"https:\/\/hgw.bayern\/index.php?rest_route=\/wp\/v2\/posts"}],"about":[{"href":"https:\/\/hgw.bayern\/index.php?rest_route=\/wp\/v2\/types\/post"}],"author":[{"embeddable":true,"href":"https:\/\/hgw.bayern\/index.php?rest_route=\/wp\/v2\/users\/5"}],"replies":[{"embeddable":true,"href":"https:\/\/hgw.bayern\/index.php?rest_route=%2Fwp%2Fv2%2Fcomments&post=19369"}],"version-history":[{"count":1,"href":"https:\/\/hgw.bayern\/index.php?rest_route=\/wp\/v2\/posts\/19369\/revisions"}],"predecessor-version":[{"id":19377,"href":"https:\/\/hgw.bayern\/index.php?rest_route=\/wp\/v2\/posts\/19369\/revisions\/19377"}],"wp:featuredmedia":[{"embeddable":true,"href":"https:\/\/hgw.bayern\/index.php?rest_route=\/wp\/v2\/media\/19376"}],"wp:attachment":[{"href":"https:\/\/hgw.bayern\/index.php?rest_route=%2Fwp%2Fv2%2Fmedia&parent=19369"}],"wp:term":[{"taxonomy":"category","embeddable":true,"href":"https:\/\/hgw.bayern\/index.php?rest_route=%2Fwp%2Fv2%2Fcategories&post=19369"},{"taxonomy":"post_tag","embeddable":true,"href":"https:\/\/hgw.bayern\/index.php?rest_route=%2Fwp%2Fv2%2Ftags&post=19369"}],"curies":[{"name":"wp","href":"https:\/\/api.w.org\/{rel}","templated":true}]}}