{"id":19507,"date":"2025-08-01T16:00:00","date_gmt":"2025-08-01T16:00:00","guid":{"rendered":"https:\/\/hgw.bayern\/?p=19507"},"modified":"2025-09-26T06:09:50","modified_gmt":"2025-09-26T06:09:50","slug":"studienfahrt-nach-wien","status":"publish","type":"post","link":"https:\/\/hgw.bayern\/?p=19507","title":{"rendered":"Studienfahrt nach Wien"},"content":{"rendered":"<p>Vom 14. bis zum 18. Juli 2025, unternahm wir, also die Q12 des Hallertau-Gymnasiums Wolnzach unsere Studienfahrt nach Wien. Gemeinsam mit unseren Lehrkr\u00e4ften Herrn Rank, Frau Sosnowski und Herrn Munz machten wir uns per Zug auf den Weg in die \u00f6sterreichische Hauptstadt, die uns mit ihrem kulturellen Reichtum, ihrer lebendigen Geschichte und ihrer besonderen Atmosph\u00e4re empfing.<\/p>\n<p><a href=\"https:\/\/hgw.bayern\/wp-content\/uploads\/2025\/09\/Unosm.jpg\"><img loading=\"lazy\" decoding=\"async\" class=\"alignnone size-full wp-image-19513\" src=\"https:\/\/hgw.bayern\/wp-content\/uploads\/2025\/09\/Unosm.jpg\" alt=\"\" width=\"1021\" height=\"696\" srcset=\"https:\/\/hgw.bayern\/wp-content\/uploads\/2025\/09\/Unosm.jpg 1021w, https:\/\/hgw.bayern\/wp-content\/uploads\/2025\/09\/Unosm-300x205.jpg 300w, https:\/\/hgw.bayern\/wp-content\/uploads\/2025\/09\/Unosm-768x524.jpg 768w\" sizes=\"auto, (max-width: 1021px) 100vw, 1021px\" \/><\/a><\/p>\n<p>Untergebracht waren wir in einem zentral gelegenen Hotel, das uns t\u00e4glich mit Fr\u00fchst\u00fcck versorgte. F\u00fcr die \u00fcbrigen Mahlzeiten waren wir auf uns selbst gestellt, was jedoch eher ein Vorteil war: So konnte jeder und jede frei entscheiden, welche kulinarischen Seiten Wiens er oder sie kennenlernen wollte, von traditionellem Wiener Schnitzel bis zu internationalen Spezialit\u00e4ten, welche in Wien in F\u00fclle zur Verf\u00fcgung standen.<\/p>\n<p><a href=\"https:\/\/hgw.bayern\/wp-content\/uploads\/2025\/09\/Steffelsm.jpg\"><img loading=\"lazy\" decoding=\"async\" class=\"alignnone size-large wp-image-19512\" src=\"https:\/\/hgw.bayern\/wp-content\/uploads\/2025\/09\/Steffelsm-768x1024.jpg\" alt=\"\" width=\"660\" height=\"880\" srcset=\"https:\/\/hgw.bayern\/wp-content\/uploads\/2025\/09\/Steffelsm-768x1024.jpg 768w, https:\/\/hgw.bayern\/wp-content\/uploads\/2025\/09\/Steffelsm-225x300.jpg 225w, https:\/\/hgw.bayern\/wp-content\/uploads\/2025\/09\/Steffelsm.jpg 792w\" sizes=\"auto, (max-width: 660px) 100vw, 660px\" \/><\/a><\/p>\n<p>Das offizielle Programm war abwechslungsreich und bot uns die M\u00f6glichkeit die Stadt aus unterschiedlichen Blickwinkeln kennenzulernen. Neben klassischen \u00a0Besichtigungen standen auch kulturelle Highlights auf dem Plan. Dazu geh\u00f6rten unter anderem ein Spaziergang durch die Altstadt mit Stephansdom, eine F\u00fchrung durch das Kunsthistorische\/Naturhistorische Museum, ein gef\u00fchrter Gang \u00fcber den Zentralfriedhof sowie der Besuch des Praters mit dem ber\u00fchmten Riesenrad:<\/p>\n<p><a href=\"https:\/\/hgw.bayern\/wp-content\/uploads\/2025\/09\/Pratersm.jpg\"><img loading=\"lazy\" decoding=\"async\" class=\"alignnone size-large wp-image-19511\" src=\"https:\/\/hgw.bayern\/wp-content\/uploads\/2025\/09\/Pratersm-1024x768.jpg\" alt=\"\" width=\"660\" height=\"495\" srcset=\"https:\/\/hgw.bayern\/wp-content\/uploads\/2025\/09\/Pratersm-1024x768.jpg 1024w, https:\/\/hgw.bayern\/wp-content\/uploads\/2025\/09\/Pratersm-300x225.jpg 300w, https:\/\/hgw.bayern\/wp-content\/uploads\/2025\/09\/Pratersm-768x576.jpg 768w, https:\/\/hgw.bayern\/wp-content\/uploads\/2025\/09\/Pratersm.jpg 1126w\" sizes=\"auto, (max-width: 660px) 100vw, 660px\" \/><\/a><\/p>\n<p>Besonders in Erinnerung blieb uns der gemeinsame Biergartenbesuch mit den Lehrkr\u00e4ften, der in geselliger Runde f\u00fcr gute Stimmung und viele Gespr\u00e4che au\u00dferhalb des Unterrichts sorgte. Ein wesentliches Merkmal der Fahrt war die gro\u00dfz\u00fcgig bemessene Freizeit. Abseits der verpflichtenden Programmpunkte durften wir die Stadt auf eigene Faust erkunden und dabei beliebte Ziele wie die Donauinsel oder das Schloss Sch\u00f6nbrunn oder auch kleinere weniger touristische Ecken Wiens besichtigen. Trotz der vielen Freiheiten hielten sich alle zuverl\u00e4ssig an die Vereinbarung p\u00fcnktlich im Hotel zu sein, eine Regel, die ohne Ausnahme befolgt wurde und mitunter f\u00fcr einen reibungslosen Ablauf sorgte.<\/p>\n<p><a href=\"https:\/\/hgw.bayern\/wp-content\/uploads\/2025\/09\/Donausm.jpg\"><img loading=\"lazy\" decoding=\"async\" class=\"alignnone size-large wp-image-19508\" src=\"https:\/\/hgw.bayern\/wp-content\/uploads\/2025\/09\/Donausm-1024x600.jpg\" alt=\"\" width=\"660\" height=\"387\" srcset=\"https:\/\/hgw.bayern\/wp-content\/uploads\/2025\/09\/Donausm-1024x600.jpg 1024w, https:\/\/hgw.bayern\/wp-content\/uploads\/2025\/09\/Donausm-300x176.jpg 300w, https:\/\/hgw.bayern\/wp-content\/uploads\/2025\/09\/Donausm-768x450.jpg 768w, https:\/\/hgw.bayern\/wp-content\/uploads\/2025\/09\/Donausm.jpg 1126w\" sizes=\"auto, (max-width: 660px) 100vw, 660px\" \/><\/a><\/p>\n<p>Die Studienfahrt nach Wien war eine gelungene Mischung aus gemeinsamem Programm, kulturellem Input und pers\u00f6nlicher Freiheit. Wir hatten die Gelegenheit, die Stadt intensiv kennenzulernen, Zeit miteinander zu verbringen und gleichzeitig auch eigenst\u00e4ndig Neues zu entdecken.<\/p>\n<p><a href=\"https:\/\/hgw.bayern\/wp-content\/uploads\/2025\/09\/HausdMeeressm.jpg\"><img loading=\"lazy\" decoding=\"async\" class=\"alignnone size-full wp-image-19510\" src=\"https:\/\/hgw.bayern\/wp-content\/uploads\/2025\/09\/HausdMeeressm.jpg\" alt=\"\" width=\"792\" height=\"793\" srcset=\"https:\/\/hgw.bayern\/wp-content\/uploads\/2025\/09\/HausdMeeressm.jpg 792w, https:\/\/hgw.bayern\/wp-content\/uploads\/2025\/09\/HausdMeeressm-300x300.jpg 300w, https:\/\/hgw.bayern\/wp-content\/uploads\/2025\/09\/HausdMeeressm-150x150.jpg 150w, https:\/\/hgw.bayern\/wp-content\/uploads\/2025\/09\/HausdMeeressm-768x769.jpg 768w, https:\/\/hgw.bayern\/wp-content\/uploads\/2025\/09\/HausdMeeressm-144x144.jpg 144w\" sizes=\"auto, (max-width: 792px) 100vw, 792px\" \/><\/a><\/p>\n<p>&nbsp;<\/p>\n","protected":false},"excerpt":{"rendered":"<p>Vom 14. bis zum 18. Juli 2025, unternahm wir, also die Q12 des Hallertau-Gymnasiums Wolnzach unsere Studienfahrt nach Wien. Gemeinsam mit unseren Lehrkr\u00e4ften Herrn Rank, &hellip;<\/p>\n","protected":false},"author":5,"featured_media":19509,"comment_status":"closed","ping_status":"closed","sticky":false,"template":"","format":"standard","meta":{"footnotes":""},"categories":[66,3,50],"tags":[],"class_list":["post-19507","post","type-post","status-publish","format-standard","has-post-thumbnail","hentry","category-schuljahr2024-25","category-unterricht","category-vortraege-und-exkursionen"],"_links":{"self":[{"href":"https:\/\/hgw.bayern\/index.php?rest_route=\/wp\/v2\/posts\/19507","targetHints":{"allow":["GET"]}}],"collection":[{"href":"https:\/\/hgw.bayern\/index.php?rest_route=\/wp\/v2\/posts"}],"about":[{"href":"https:\/\/hgw.bayern\/index.php?rest_route=\/wp\/v2\/types\/post"}],"author":[{"embeddable":true,"href":"https:\/\/hgw.bayern\/index.php?rest_route=\/wp\/v2\/users\/5"}],"replies":[{"embeddable":true,"href":"https:\/\/hgw.bayern\/index.php?rest_route=%2Fwp%2Fv2%2Fcomments&post=19507"}],"version-history":[{"count":1,"href":"https:\/\/hgw.bayern\/index.php?rest_route=\/wp\/v2\/posts\/19507\/revisions"}],"predecessor-version":[{"id":19514,"href":"https:\/\/hgw.bayern\/index.php?rest_route=\/wp\/v2\/posts\/19507\/revisions\/19514"}],"wp:featuredmedia":[{"embeddable":true,"href":"https:\/\/hgw.bayern\/index.php?rest_route=\/wp\/v2\/media\/19509"}],"wp:attachment":[{"href":"https:\/\/hgw.bayern\/index.php?rest_route=%2Fwp%2Fv2%2Fmedia&parent=19507"}],"wp:term":[{"taxonomy":"category","embeddable":true,"href":"https:\/\/hgw.bayern\/index.php?rest_route=%2Fwp%2Fv2%2Fcategories&post=19507"},{"taxonomy":"post_tag","embeddable":true,"href":"https:\/\/hgw.bayern\/index.php?rest_route=%2Fwp%2Fv2%2Ftags&post=19507"}],"curies":[{"name":"wp","href":"https:\/\/api.w.org\/{rel}","templated":true}]}}