{"id":19695,"date":"2026-01-12T11:03:40","date_gmt":"2026-01-12T11:03:40","guid":{"rendered":"https:\/\/hgw.bayern\/?p=19695"},"modified":"2026-01-12T11:08:21","modified_gmt":"2026-01-12T11:08:21","slug":"lampendesign-2026","status":"publish","type":"post","link":"https:\/\/hgw.bayern\/?p=19695","title":{"rendered":"Lampendesign 2026"},"content":{"rendered":"<p>Im Rahmen des Kunstunterrichts bei Hrn. Kuttler in der 11. Jahrgangsstufe wurde das Thema Lampendesign gew\u00e4hlt. Ausgehend von den Design-Ikonen des Bauhauses versuchten die Sch\u00fclerinnen und Sch\u00fcler mit nur zwei Werkstoff-Vorlagen (Pappr\u00f6hren und Styrodur Platten) eine Zimmerlampe zu entwerfen. Nach einer Skizzenphase, in der die Gruppen heftig diskutierten, kam es zur praktischen Umsetzung der Ideen. Bald stellte sich jedoch heraus, dass nicht jede Skizze Eins zu Eins umzusetzen war und neue L\u00f6sungen gemeinsam gefunden werden mussten.<\/p>\n<p>Abschlie\u00dfend wurden LEDs montiert, um die Lampe im Eingangsbereich unserer Schule auch leuchten zu lassen:<\/p>\n<p><a href=\"https:\/\/hgw.bayern\/wp-content\/uploads\/2026\/01\/Blue-Night1-scaled.jpeg\"><img loading=\"lazy\" decoding=\"async\" class=\"alignnone size-large wp-image-19696\" src=\"https:\/\/hgw.bayern\/wp-content\/uploads\/2026\/01\/Blue-Night1-749x1024.jpeg\" alt=\"\" width=\"660\" height=\"902\" srcset=\"https:\/\/hgw.bayern\/wp-content\/uploads\/2026\/01\/Blue-Night1-749x1024.jpeg 749w, https:\/\/hgw.bayern\/wp-content\/uploads\/2026\/01\/Blue-Night1-220x300.jpeg 220w, https:\/\/hgw.bayern\/wp-content\/uploads\/2026\/01\/Blue-Night1-768x1050.jpeg 768w, https:\/\/hgw.bayern\/wp-content\/uploads\/2026\/01\/Blue-Night1-1124x1536.jpeg 1124w, https:\/\/hgw.bayern\/wp-content\/uploads\/2026\/01\/Blue-Night1-1499x2048.jpeg 1499w, https:\/\/hgw.bayern\/wp-content\/uploads\/2026\/01\/Blue-Night1-scaled.jpeg 1873w\" sizes=\"auto, (max-width: 660px) 100vw, 660px\" \/><\/a><\/p>\n<p>Model &#8222;Blue Night&#8220;<\/p>\n<p><a href=\"https:\/\/hgw.bayern\/wp-content\/uploads\/2026\/01\/03_IMG_2927-scaled.jpeg\"><img loading=\"lazy\" decoding=\"async\" class=\"alignnone size-large wp-image-19697\" src=\"https:\/\/hgw.bayern\/wp-content\/uploads\/2026\/01\/03_IMG_2927-506x1024.jpeg\" alt=\"\" width=\"506\" height=\"1024\" srcset=\"https:\/\/hgw.bayern\/wp-content\/uploads\/2026\/01\/03_IMG_2927-506x1024.jpeg 506w, https:\/\/hgw.bayern\/wp-content\/uploads\/2026\/01\/03_IMG_2927-148x300.jpeg 148w, https:\/\/hgw.bayern\/wp-content\/uploads\/2026\/01\/03_IMG_2927-768x1554.jpeg 768w, https:\/\/hgw.bayern\/wp-content\/uploads\/2026\/01\/03_IMG_2927-759x1536.jpeg 759w, https:\/\/hgw.bayern\/wp-content\/uploads\/2026\/01\/03_IMG_2927-1012x2048.jpeg 1012w, https:\/\/hgw.bayern\/wp-content\/uploads\/2026\/01\/03_IMG_2927-scaled.jpeg 1265w\" sizes=\"auto, (max-width: 506px) 100vw, 506px\" \/><\/a> <a href=\"https:\/\/hgw.bayern\/wp-content\/uploads\/2026\/01\/Aurora-Orgie-scaled.jpeg\"><img loading=\"lazy\" decoding=\"async\" class=\"alignnone size-large wp-image-19698\" src=\"https:\/\/hgw.bayern\/wp-content\/uploads\/2026\/01\/Aurora-Orgie-611x1024.jpeg\" alt=\"\" width=\"611\" height=\"1024\" srcset=\"https:\/\/hgw.bayern\/wp-content\/uploads\/2026\/01\/Aurora-Orgie-611x1024.jpeg 611w, https:\/\/hgw.bayern\/wp-content\/uploads\/2026\/01\/Aurora-Orgie-179x300.jpeg 179w, https:\/\/hgw.bayern\/wp-content\/uploads\/2026\/01\/Aurora-Orgie-768x1288.jpeg 768w, https:\/\/hgw.bayern\/wp-content\/uploads\/2026\/01\/Aurora-Orgie-916x1536.jpeg 916w, https:\/\/hgw.bayern\/wp-content\/uploads\/2026\/01\/Aurora-Orgie-1222x2048.jpeg 1222w, https:\/\/hgw.bayern\/wp-content\/uploads\/2026\/01\/Aurora-Orgie-scaled.jpeg 1527w\" sizes=\"auto, (max-width: 611px) 100vw, 611px\" \/>\u00a0\u00a0<\/a><\/p>\n<p>Model &#8222;Aurora&#8220;<\/p>\n<p><a href=\"https:\/\/hgw.bayern\/wp-content\/uploads\/2026\/01\/01_IMG_2929-scaled.jpeg\"><img loading=\"lazy\" decoding=\"async\" class=\"alignnone size-large wp-image-19699\" src=\"https:\/\/hgw.bayern\/wp-content\/uploads\/2026\/01\/01_IMG_2929-669x1024.jpeg\" alt=\"\" width=\"660\" height=\"1010\" srcset=\"https:\/\/hgw.bayern\/wp-content\/uploads\/2026\/01\/01_IMG_2929-669x1024.jpeg 669w, https:\/\/hgw.bayern\/wp-content\/uploads\/2026\/01\/01_IMG_2929-196x300.jpeg 196w, https:\/\/hgw.bayern\/wp-content\/uploads\/2026\/01\/01_IMG_2929-768x1176.jpeg 768w, https:\/\/hgw.bayern\/wp-content\/uploads\/2026\/01\/01_IMG_2929-1003x1536.jpeg 1003w, https:\/\/hgw.bayern\/wp-content\/uploads\/2026\/01\/01_IMG_2929-1337x2048.jpeg 1337w, https:\/\/hgw.bayern\/wp-content\/uploads\/2026\/01\/01_IMG_2929-scaled.jpeg 1672w\" sizes=\"auto, (max-width: 660px) 100vw, 660px\" \/><\/a> <a href=\"https:\/\/hgw.bayern\/wp-content\/uploads\/2026\/01\/Bluete-der-Nacht-scaled.jpg\">\u00a0<\/a><\/p>\n<p><a href=\"https:\/\/hgw.bayern\/wp-content\/uploads\/2026\/01\/Bluete-der-Nacht-scaled.jpg\"><img loading=\"lazy\" decoding=\"async\" class=\"alignnone size-large wp-image-19700\" src=\"https:\/\/hgw.bayern\/wp-content\/uploads\/2026\/01\/Bluete-der-Nacht-551x1024.jpg\" alt=\"\" width=\"551\" height=\"1024\" srcset=\"https:\/\/hgw.bayern\/wp-content\/uploads\/2026\/01\/Bluete-der-Nacht-551x1024.jpg 551w, https:\/\/hgw.bayern\/wp-content\/uploads\/2026\/01\/Bluete-der-Nacht-162x300.jpg 162w, https:\/\/hgw.bayern\/wp-content\/uploads\/2026\/01\/Bluete-der-Nacht-768x1426.jpg 768w, https:\/\/hgw.bayern\/wp-content\/uploads\/2026\/01\/Bluete-der-Nacht-827x1536.jpg 827w, https:\/\/hgw.bayern\/wp-content\/uploads\/2026\/01\/Bluete-der-Nacht-1103x2048.jpg 1103w, https:\/\/hgw.bayern\/wp-content\/uploads\/2026\/01\/Bluete-der-Nacht-scaled.jpg 1378w\" sizes=\"auto, (max-width: 551px) 100vw, 551px\" \/><\/a><\/p>\n<p>Model &#8222;Bl\u00fcte der Nacht&#8220;<\/p>\n<p><a href=\"https:\/\/hgw.bayern\/wp-content\/uploads\/2026\/01\/02_IMG_2930-scaled.jpeg\"><img loading=\"lazy\" decoding=\"async\" class=\"alignnone size-large wp-image-19701\" src=\"https:\/\/hgw.bayern\/wp-content\/uploads\/2026\/01\/02_IMG_2930-705x1024.jpeg\" alt=\"\" width=\"660\" height=\"959\" srcset=\"https:\/\/hgw.bayern\/wp-content\/uploads\/2026\/01\/02_IMG_2930-705x1024.jpeg 705w, https:\/\/hgw.bayern\/wp-content\/uploads\/2026\/01\/02_IMG_2930-207x300.jpeg 207w, https:\/\/hgw.bayern\/wp-content\/uploads\/2026\/01\/02_IMG_2930-768x1115.jpeg 768w, https:\/\/hgw.bayern\/wp-content\/uploads\/2026\/01\/02_IMG_2930-1058x1536.jpeg 1058w, https:\/\/hgw.bayern\/wp-content\/uploads\/2026\/01\/02_IMG_2930-1410x2048.jpeg 1410w, https:\/\/hgw.bayern\/wp-content\/uploads\/2026\/01\/02_IMG_2930-scaled.jpeg 1763w\" sizes=\"auto, (max-width: 660px) 100vw, 660px\" \/> <\/a><\/p>\n<p><a href=\"https:\/\/hgw.bayern\/wp-content\/uploads\/2026\/01\/fleur-Lumineuse.jpg\"><img loading=\"lazy\" decoding=\"async\" class=\"alignnone size-large wp-image-19702\" src=\"https:\/\/hgw.bayern\/wp-content\/uploads\/2026\/01\/fleur-Lumineuse-882x1024.jpg\" alt=\"\" width=\"660\" height=\"766\" srcset=\"https:\/\/hgw.bayern\/wp-content\/uploads\/2026\/01\/fleur-Lumineuse-882x1024.jpg 882w, https:\/\/hgw.bayern\/wp-content\/uploads\/2026\/01\/fleur-Lumineuse-259x300.jpg 259w, https:\/\/hgw.bayern\/wp-content\/uploads\/2026\/01\/fleur-Lumineuse-768x891.jpg 768w, https:\/\/hgw.bayern\/wp-content\/uploads\/2026\/01\/fleur-Lumineuse-1324x1536.jpg 1324w, https:\/\/hgw.bayern\/wp-content\/uploads\/2026\/01\/fleur-Lumineuse.jpg 1334w\" sizes=\"auto, (max-width: 660px) 100vw, 660px\" \/><\/a><\/p>\n<p>Model &#8222;fleur Lumineuse&#8220;<\/p>\n<p><a href=\"https:\/\/hgw.bayern\/wp-content\/uploads\/2026\/01\/04_IMG_2926-scaled.jpeg\"><img loading=\"lazy\" decoding=\"async\" class=\"alignnone size-large wp-image-19703\" src=\"https:\/\/hgw.bayern\/wp-content\/uploads\/2026\/01\/04_IMG_2926-667x1024.jpeg\" alt=\"\" width=\"660\" height=\"1013\" srcset=\"https:\/\/hgw.bayern\/wp-content\/uploads\/2026\/01\/04_IMG_2926-667x1024.jpeg 667w, https:\/\/hgw.bayern\/wp-content\/uploads\/2026\/01\/04_IMG_2926-195x300.jpeg 195w, https:\/\/hgw.bayern\/wp-content\/uploads\/2026\/01\/04_IMG_2926-768x1180.jpeg 768w, https:\/\/hgw.bayern\/wp-content\/uploads\/2026\/01\/04_IMG_2926-1000x1536.jpeg 1000w, https:\/\/hgw.bayern\/wp-content\/uploads\/2026\/01\/04_IMG_2926-1333x2048.jpeg 1333w, https:\/\/hgw.bayern\/wp-content\/uploads\/2026\/01\/04_IMG_2926-scaled.jpeg 1667w\" sizes=\"auto, (max-width: 660px) 100vw, 660px\" \/><\/a> <a href=\"https:\/\/hgw.bayern\/wp-content\/uploads\/2026\/01\/Gaelaekksi-Jarack-scaled.jpeg\"><img loading=\"lazy\" decoding=\"async\" class=\"alignnone size-large wp-image-19704\" src=\"https:\/\/hgw.bayern\/wp-content\/uploads\/2026\/01\/Gaelaekksi-Jarack-703x1024.jpeg\" alt=\"\" width=\"660\" height=\"961\" srcset=\"https:\/\/hgw.bayern\/wp-content\/uploads\/2026\/01\/Gaelaekksi-Jarack-703x1024.jpeg 703w, https:\/\/hgw.bayern\/wp-content\/uploads\/2026\/01\/Gaelaekksi-Jarack-206x300.jpeg 206w, https:\/\/hgw.bayern\/wp-content\/uploads\/2026\/01\/Gaelaekksi-Jarack-768x1118.jpeg 768w, https:\/\/hgw.bayern\/wp-content\/uploads\/2026\/01\/Gaelaekksi-Jarack-1055x1536.jpeg 1055w, https:\/\/hgw.bayern\/wp-content\/uploads\/2026\/01\/Gaelaekksi-Jarack-1407x2048.jpeg 1407w, https:\/\/hgw.bayern\/wp-content\/uploads\/2026\/01\/Gaelaekksi-Jarack-scaled.jpeg 1758w\" sizes=\"auto, (max-width: 660px) 100vw, 660px\" \/><\/a><\/p>\n<p>Model &#8222;G\u00e4l\u00e4ksie&#8220;<\/p>\n<p><a href=\"https:\/\/hgw.bayern\/wp-content\/uploads\/2026\/01\/05_IMG_2928.jpeg\"><img loading=\"lazy\" decoding=\"async\" class=\"alignnone size-large wp-image-19705\" src=\"https:\/\/hgw.bayern\/wp-content\/uploads\/2026\/01\/05_IMG_2928-548x1024.jpeg\" alt=\"\" width=\"548\" height=\"1024\" srcset=\"https:\/\/hgw.bayern\/wp-content\/uploads\/2026\/01\/05_IMG_2928-548x1024.jpeg 548w, https:\/\/hgw.bayern\/wp-content\/uploads\/2026\/01\/05_IMG_2928-160x300.jpeg 160w, https:\/\/hgw.bayern\/wp-content\/uploads\/2026\/01\/05_IMG_2928-768x1436.jpeg 768w, https:\/\/hgw.bayern\/wp-content\/uploads\/2026\/01\/05_IMG_2928-821x1536.jpeg 821w, https:\/\/hgw.bayern\/wp-content\/uploads\/2026\/01\/05_IMG_2928-1095x2048.jpeg 1095w, https:\/\/hgw.bayern\/wp-content\/uploads\/2026\/01\/05_IMG_2928.jpeg 1169w\" sizes=\"auto, (max-width: 548px) 100vw, 548px\" \/><\/a><\/p>\n<p>&nbsp;<\/p>\n","protected":false},"excerpt":{"rendered":"<p>Im Rahmen des Kunstunterrichts bei Hrn. Kuttler in der 11. Jahrgangsstufe wurde das Thema Lampendesign gew\u00e4hlt. Ausgehend von den Design-Ikonen des Bauhauses versuchten die Sch\u00fclerinnen &hellip;<\/p>\n","protected":false},"author":5,"featured_media":19708,"comment_status":"closed","ping_status":"closed","sticky":false,"template":"","format":"standard","meta":{"footnotes":""},"categories":[21,68,3],"tags":[],"class_list":["post-19695","post","type-post","status-publish","format-standard","has-post-thumbnail","hentry","category-kunst","category-schuljahr2025-26","category-unterricht"],"_links":{"self":[{"href":"https:\/\/hgw.bayern\/index.php?rest_route=\/wp\/v2\/posts\/19695","targetHints":{"allow":["GET"]}}],"collection":[{"href":"https:\/\/hgw.bayern\/index.php?rest_route=\/wp\/v2\/posts"}],"about":[{"href":"https:\/\/hgw.bayern\/index.php?rest_route=\/wp\/v2\/types\/post"}],"author":[{"embeddable":true,"href":"https:\/\/hgw.bayern\/index.php?rest_route=\/wp\/v2\/users\/5"}],"replies":[{"embeddable":true,"href":"https:\/\/hgw.bayern\/index.php?rest_route=%2Fwp%2Fv2%2Fcomments&post=19695"}],"version-history":[{"count":3,"href":"https:\/\/hgw.bayern\/index.php?rest_route=\/wp\/v2\/posts\/19695\/revisions"}],"predecessor-version":[{"id":19710,"href":"https:\/\/hgw.bayern\/index.php?rest_route=\/wp\/v2\/posts\/19695\/revisions\/19710"}],"wp:featuredmedia":[{"embeddable":true,"href":"https:\/\/hgw.bayern\/index.php?rest_route=\/wp\/v2\/media\/19708"}],"wp:attachment":[{"href":"https:\/\/hgw.bayern\/index.php?rest_route=%2Fwp%2Fv2%2Fmedia&parent=19695"}],"wp:term":[{"taxonomy":"category","embeddable":true,"href":"https:\/\/hgw.bayern\/index.php?rest_route=%2Fwp%2Fv2%2Fcategories&post=19695"},{"taxonomy":"post_tag","embeddable":true,"href":"https:\/\/hgw.bayern\/index.php?rest_route=%2Fwp%2Fv2%2Ftags&post=19695"}],"curies":[{"name":"wp","href":"https:\/\/api.w.org\/{rel}","templated":true}]}}