{"id":19725,"date":"2026-01-19T14:43:39","date_gmt":"2026-01-19T14:43:39","guid":{"rendered":"https:\/\/hgw.bayern\/?p=19725"},"modified":"2026-01-19T14:44:15","modified_gmt":"2026-01-19T14:44:15","slug":"19725","status":"publish","type":"post","link":"https:\/\/hgw.bayern\/?p=19725","title":{"rendered":"Exkursion ins Alpine Museum M\u00fcnchen"},"content":{"rendered":"<p>Am 14.01.2026 fuhren die beiden Geografie Leistungskurse der 12. und 13. Jahrgangsstufe zusammen mit Frau Koch und Herrn Reicheneder mit dem Bus in unsere Landeshauptstadt M\u00fcnchen, um das Alpine Museum zu besuchen.<\/p>\n<p><a href=\"https:\/\/hgw.bayern\/wp-content\/uploads\/2026\/01\/AMBild1.jpg\"><img loading=\"lazy\" decoding=\"async\" class=\"alignnone size-large wp-image-19731\" src=\"https:\/\/hgw.bayern\/wp-content\/uploads\/2026\/01\/AMBild1-1024x576.jpg\" alt=\"\" width=\"660\" height=\"371\" srcset=\"https:\/\/hgw.bayern\/wp-content\/uploads\/2026\/01\/AMBild1-1024x576.jpg 1024w, https:\/\/hgw.bayern\/wp-content\/uploads\/2026\/01\/AMBild1-300x169.jpg 300w, https:\/\/hgw.bayern\/wp-content\/uploads\/2026\/01\/AMBild1-768x432.jpg 768w, https:\/\/hgw.bayern\/wp-content\/uploads\/2026\/01\/AMBild1.jpg 1302w\" sizes=\"auto, (max-width: 660px) 100vw, 660px\" \/><\/a><\/p>\n<p>Nach einem kurzen, nicht alpinen, Fu\u00dfmarsch erreichten wir\u00a0 unser Ziel auf der idyllischen Praterinsel. Dort angekommen wurden wir in zwei Gruppen aufgeteilt und erhielten jeweils eine F\u00fchrung durch das Museum. Zun\u00e4chst besch\u00e4ftigten wir uns mit der Lage des Museums, das, wie wir schon wussten, auf einer Insel liegt und von der Isar umflossen wird. Dabei erfuhren wir, dass sich der Fluss an dieser Stelle in einen nat\u00fcrlichen und einen k\u00fcnstlich angelegten Arm teilt. Au\u00dferdem lernten wir, dass die Isar ihren Ursprung in Tirol in \u00d6sterreich hat.<\/p>\n<p><a href=\"https:\/\/hgw.bayern\/wp-content\/uploads\/2026\/01\/AMBild2.jpg\"><img loading=\"lazy\" decoding=\"async\" class=\"alignnone size-large wp-image-19730\" src=\"https:\/\/hgw.bayern\/wp-content\/uploads\/2026\/01\/AMBild2-1024x659.jpg\" alt=\"\" width=\"660\" height=\"425\" srcset=\"https:\/\/hgw.bayern\/wp-content\/uploads\/2026\/01\/AMBild2-1024x659.jpg 1024w, https:\/\/hgw.bayern\/wp-content\/uploads\/2026\/01\/AMBild2-300x193.jpg 300w, https:\/\/hgw.bayern\/wp-content\/uploads\/2026\/01\/AMBild2-768x495.jpg 768w, https:\/\/hgw.bayern\/wp-content\/uploads\/2026\/01\/AMBild2.jpg 1233w\" sizes=\"auto, (max-width: 660px) 100vw, 660px\" \/><\/a><\/p>\n<p>Anschlie\u00dfend besichtigten wir die \u201eH\u00f6llentalangerh\u00fctte\u201c, die 1893\/1894 erbaut wurde. Sie wurde im Laufe der Jahre mehrfach renoviert, sp\u00e4ter abgebaut und steht heute wieder aufgebaut und restauriert im Alpinen Museum.<\/p>\n<p><a href=\"https:\/\/hgw.bayern\/wp-content\/uploads\/2026\/01\/AMBild3.jpg\"><img loading=\"lazy\" decoding=\"async\" class=\"alignnone size-large wp-image-19729\" src=\"https:\/\/hgw.bayern\/wp-content\/uploads\/2026\/01\/AMBild3-1024x576.jpg\" alt=\"\" width=\"660\" height=\"371\" srcset=\"https:\/\/hgw.bayern\/wp-content\/uploads\/2026\/01\/AMBild3-1024x576.jpg 1024w, https:\/\/hgw.bayern\/wp-content\/uploads\/2026\/01\/AMBild3-300x169.jpg 300w, https:\/\/hgw.bayern\/wp-content\/uploads\/2026\/01\/AMBild3-768x432.jpg 768w, https:\/\/hgw.bayern\/wp-content\/uploads\/2026\/01\/AMBild3.jpg 1386w\" sizes=\"auto, (max-width: 660px) 100vw, 660px\" \/><\/a><\/p>\n<p>Danach schauten wir uns eine kleine Notfallh\u00fctte an. Diese ist nat\u00fcrlich weniger komfortabel ausgestattet und eher f\u00fcr Notf\u00e4lle gedacht. Oft finden sich dort noch \u00fcbrig gebliebene Sachen oder Lebensmittel von Bergsteigern beim Abstieg, die sie nicht mehr ben\u00f6tigen, z.B. Lebensmittel wie Nudeln, kleinere Werkzeuge oder auch Kartenspiele. \u00a0Das kann f\u00fcr andere wiederum eine gro\u00dfe Hilfe sein. Leider sind diese H\u00fctten aber immer h\u00e4ufiger von Vandalismus betroffen, was f\u00fcr Menschen, die tats\u00e4chlich Hilfe ben\u00f6tigen sehr problematisch sein kann.<\/p>\n<p><a href=\"https:\/\/hgw.bayern\/wp-content\/uploads\/2026\/01\/AMBild4.jpg\"><img loading=\"lazy\" decoding=\"async\" class=\"alignnone size-large wp-image-19728\" src=\"https:\/\/hgw.bayern\/wp-content\/uploads\/2026\/01\/AMBild4-1024x576.jpg\" alt=\"\" width=\"660\" height=\"371\" srcset=\"https:\/\/hgw.bayern\/wp-content\/uploads\/2026\/01\/AMBild4-1024x576.jpg 1024w, https:\/\/hgw.bayern\/wp-content\/uploads\/2026\/01\/AMBild4-300x169.jpg 300w, https:\/\/hgw.bayern\/wp-content\/uploads\/2026\/01\/AMBild4-768x432.jpg 768w, https:\/\/hgw.bayern\/wp-content\/uploads\/2026\/01\/AMBild4.jpg 1386w\" sizes=\"auto, (max-width: 660px) 100vw, 660px\" \/><\/a><\/p>\n<p><a href=\"https:\/\/hgw.bayern\/wp-content\/uploads\/2026\/01\/AMBild5.jpg\"><img loading=\"lazy\" decoding=\"async\" class=\"alignnone size-large wp-image-19727\" src=\"https:\/\/hgw.bayern\/wp-content\/uploads\/2026\/01\/AMBild5-1024x577.jpg\" alt=\"\" width=\"660\" height=\"372\" srcset=\"https:\/\/hgw.bayern\/wp-content\/uploads\/2026\/01\/AMBild5-1024x577.jpg 1024w, https:\/\/hgw.bayern\/wp-content\/uploads\/2026\/01\/AMBild5-300x169.jpg 300w, https:\/\/hgw.bayern\/wp-content\/uploads\/2026\/01\/AMBild5-768x432.jpg 768w, https:\/\/hgw.bayern\/wp-content\/uploads\/2026\/01\/AMBild5.jpg 1197w\" sizes=\"auto, (max-width: 660px) 100vw, 660px\" \/><\/a><\/p>\n<p>Als n\u00e4chstes gingen wir in das Hauptgeb\u00e4ude, um die Sonderausstellung zu besichtigen. Sie besch\u00e4ftigt sich vor allem mit der Zukunft der Alpen und den aktuellen Herausforderungen, mit denen die Bergregionen konfrontiert sind. Behandelt wurden unter anderem die Lichtverschmutzung und das Abschmelzen der Gletscher. Um diese zu sch\u00fctzen, werden Gletscher teilweise mit wei\u00dfen Abdeckungen bedeckt, sodass das Eis besser erhalten bleibt. Au\u00dferdem wurde der verantwortungsvolle Umgang mit Ressourcen thematisiert. So verdeutlichte ein Szenario, wie schwierig es ist, mit nur 15 Litern Wasser am Tag auf einer Bergh\u00fctte auszukommen, w\u00e4hrend eine Person im Alltag etwa 120 Liter verbraucht.<\/p>\n<p>Abschlie\u00dfend wurde deutlich, dass jeder Einzelne etwas zum Umweltschutz beitragen kann. Denn oft helfen bereits kleine Ver\u00e4nderungen im Alltag, zum Beispiel indem man seine alten Skier nicht wegwirft, sondern weiterverkauft. Damit machten wir uns wieder auf den R\u00fcckweg zu unserer Schule. Wir konnten somit viel \u00fcber die Alpen und ihre Herausforderungen lernen und erhielten wertvolle Eindr\u00fccke f\u00fcr einen bewussten Umgang in der Alpenregion und Umwelt.<\/p>\n<p><em>Veronika Wegele, Q13<\/em><\/p>\n","protected":false},"excerpt":{"rendered":"<p>Am 14.01.2026 fuhren die beiden Geografie Leistungskurse der 12. und 13. Jahrgangsstufe zusammen mit Frau Koch und Herrn Reicheneder mit dem Bus in unsere Landeshauptstadt &hellip;<\/p>\n","protected":false},"author":5,"featured_media":19726,"comment_status":"closed","ping_status":"closed","sticky":false,"template":"","format":"standard","meta":{"footnotes":""},"categories":[11,5,68,3,50],"tags":[],"class_list":["post-19725","post","type-post","status-publish","format-standard","has-post-thumbnail","hentry","category-geographie","category-gwfach","category-schuljahr2025-26","category-unterricht","category-vortraege-und-exkursionen"],"_links":{"self":[{"href":"https:\/\/hgw.bayern\/index.php?rest_route=\/wp\/v2\/posts\/19725","targetHints":{"allow":["GET"]}}],"collection":[{"href":"https:\/\/hgw.bayern\/index.php?rest_route=\/wp\/v2\/posts"}],"about":[{"href":"https:\/\/hgw.bayern\/index.php?rest_route=\/wp\/v2\/types\/post"}],"author":[{"embeddable":true,"href":"https:\/\/hgw.bayern\/index.php?rest_route=\/wp\/v2\/users\/5"}],"replies":[{"embeddable":true,"href":"https:\/\/hgw.bayern\/index.php?rest_route=%2Fwp%2Fv2%2Fcomments&post=19725"}],"version-history":[{"count":3,"href":"https:\/\/hgw.bayern\/index.php?rest_route=\/wp\/v2\/posts\/19725\/revisions"}],"predecessor-version":[{"id":19734,"href":"https:\/\/hgw.bayern\/index.php?rest_route=\/wp\/v2\/posts\/19725\/revisions\/19734"}],"wp:featuredmedia":[{"embeddable":true,"href":"https:\/\/hgw.bayern\/index.php?rest_route=\/wp\/v2\/media\/19726"}],"wp:attachment":[{"href":"https:\/\/hgw.bayern\/index.php?rest_route=%2Fwp%2Fv2%2Fmedia&parent=19725"}],"wp:term":[{"taxonomy":"category","embeddable":true,"href":"https:\/\/hgw.bayern\/index.php?rest_route=%2Fwp%2Fv2%2Fcategories&post=19725"},{"taxonomy":"post_tag","embeddable":true,"href":"https:\/\/hgw.bayern\/index.php?rest_route=%2Fwp%2Fv2%2Ftags&post=19725"}],"curies":[{"name":"wp","href":"https:\/\/api.w.org\/{rel}","templated":true}]}}