{"id":19987,"date":"2026-04-28T08:47:12","date_gmt":"2026-04-28T08:47:12","guid":{"rendered":"https:\/\/hgw.bayern\/?p=19987"},"modified":"2026-04-28T08:47:12","modified_gmt":"2026-04-28T08:47:12","slug":"ein-besonderes-event-fuer-zwei-fuenfte-klassen-am-welttag-des-buches","status":"publish","type":"post","link":"https:\/\/hgw.bayern\/?p=19987","title":{"rendered":"Ein besonderes Event f\u00fcr zwei f\u00fcnfte Klassen am Welttag des Buches"},"content":{"rendered":"<p>Am 23. April 2026, dem Welttag des Buches, kamen die Klassen 5C und 5E des HGW in den Genuss eines ganz besonderen Leckerbissens. Sie durften an einer bayernweit gestreamten interaktiven Lesung teilnehmen, die von der Staatlichen Lehrerfortbildungsakademie Dillingen (ALP)\u00a0in Kooperation mit dem ISB und\u00a0#lesen.bayern\u00a0ausgerichtet wurde.<\/p>\n<p>Patricius Mayer, Autor, Dramaturg und Redakteur des Bayerischen Rundfunks, las dabei zwei Unterrichtsstunden lang aus seinem 2022 erschienenen Buch \u201eFinky Joe. Ein Hai will nach oben\u201c vor. So wurden die Kinder in die Welt des Haifischs Finky Joe und seines Mitbewohners Pitch, dem Wiesel, entf\u00fchrt, die so allerlei Abenteuer im t\u00e4glichen Leben bestehen mussten.<\/p>\n<p>Das Beste war, dass es Patricius Mayer perfekt gelang, die Kinder immer wieder in die Lesung einzubinden, z.B. durch eine kleine Gesichtsyoga-\u00dcbung oder dadurch, dass sie an den spannendsten Stellen mitschreien mussten. Ein Heidenspa\u00df f\u00fcr alle! Der Autor sprach alle Figuren selbst, von der alten Schildkr\u00f6tenoma Frau T\u00fctenta bis zu den Rockerschweinen Herbert und Kolinschki, was die Kinder begeisterte. Am Ende der sehr abwechslungsreichen Lesung hatten alle Sch\u00fclerinnen und Sch\u00fcler noch Gelegenheit, ihre Fragen zu stellen, die Herr Mayer ganz ehrlich beantwortete.<\/p>\n<p>Eine sehr gelungene Veranstaltung am Welttag des Buches!<\/p>\n<p>Silke Kolk<\/p>\n<p><a href=\"https:\/\/hgw.bayern\/wp-content\/uploads\/2026\/04\/welttag1sm.jpg\"><img loading=\"lazy\" decoding=\"async\" class=\"alignnone size-large wp-image-19988\" src=\"https:\/\/hgw.bayern\/wp-content\/uploads\/2026\/04\/welttag1sm-1024x637.jpg\" alt=\"\" width=\"660\" height=\"411\" srcset=\"https:\/\/hgw.bayern\/wp-content\/uploads\/2026\/04\/welttag1sm-1024x637.jpg 1024w, https:\/\/hgw.bayern\/wp-content\/uploads\/2026\/04\/welttag1sm-300x186.jpg 300w, https:\/\/hgw.bayern\/wp-content\/uploads\/2026\/04\/welttag1sm-768x477.jpg 768w, https:\/\/hgw.bayern\/wp-content\/uploads\/2026\/04\/welttag1sm-1536x955.jpg 1536w, https:\/\/hgw.bayern\/wp-content\/uploads\/2026\/04\/welttag1sm.jpg 1731w\" sizes=\"auto, (max-width: 660px) 100vw, 660px\" \/><\/a><\/p>\n","protected":false},"excerpt":{"rendered":"<p>Am 23. April 2026, dem Welttag des Buches, kamen die Klassen 5C und 5E des HGW in den Genuss eines ganz besonderen Leckerbissens. Sie durften &hellip;<\/p>\n","protected":false},"author":5,"featured_media":19989,"comment_status":"closed","ping_status":"closed","sticky":false,"template":"","format":"standard","meta":{"footnotes":""},"categories":[22,68,6,3,50],"tags":[],"class_list":["post-19987","post","type-post","status-publish","format-standard","has-post-thumbnail","hentry","category-deutsch","category-schuljahr2025-26","category-sprachen","category-unterricht","category-vortraege-und-exkursionen"],"_links":{"self":[{"href":"https:\/\/hgw.bayern\/index.php?rest_route=\/wp\/v2\/posts\/19987","targetHints":{"allow":["GET"]}}],"collection":[{"href":"https:\/\/hgw.bayern\/index.php?rest_route=\/wp\/v2\/posts"}],"about":[{"href":"https:\/\/hgw.bayern\/index.php?rest_route=\/wp\/v2\/types\/post"}],"author":[{"embeddable":true,"href":"https:\/\/hgw.bayern\/index.php?rest_route=\/wp\/v2\/users\/5"}],"replies":[{"embeddable":true,"href":"https:\/\/hgw.bayern\/index.php?rest_route=%2Fwp%2Fv2%2Fcomments&post=19987"}],"version-history":[{"count":1,"href":"https:\/\/hgw.bayern\/index.php?rest_route=\/wp\/v2\/posts\/19987\/revisions"}],"predecessor-version":[{"id":19990,"href":"https:\/\/hgw.bayern\/index.php?rest_route=\/wp\/v2\/posts\/19987\/revisions\/19990"}],"wp:featuredmedia":[{"embeddable":true,"href":"https:\/\/hgw.bayern\/index.php?rest_route=\/wp\/v2\/media\/19989"}],"wp:attachment":[{"href":"https:\/\/hgw.bayern\/index.php?rest_route=%2Fwp%2Fv2%2Fmedia&parent=19987"}],"wp:term":[{"taxonomy":"category","embeddable":true,"href":"https:\/\/hgw.bayern\/index.php?rest_route=%2Fwp%2Fv2%2Fcategories&post=19987"},{"taxonomy":"post_tag","embeddable":true,"href":"https:\/\/hgw.bayern\/index.php?rest_route=%2Fwp%2Fv2%2Ftags&post=19987"}],"curies":[{"name":"wp","href":"https:\/\/api.w.org\/{rel}","templated":true}]}}